{"id":18872,"date":"2020-10-16T08:14:05","date_gmt":"2020-10-16T13:14:05","guid":{"rendered":"http:\/\/www.zonaroja.com.mx\/?p=18872"},"modified":"2020-10-16T08:14:08","modified_gmt":"2020-10-16T13:14:08","slug":"la-segunda-ola-del-coronavirus-tema-en-cuadernos-de-la-pandemia","status":"publish","type":"post","link":"https:\/\/zonaroja.com.mx\/?p=18872","title":{"rendered":"La segunda ola del coronavirus, tema en \u201cCuadernos de la Pandemia\u201d"},"content":{"rendered":"\n<p>Evlin Arag\u00f3n\/Zona Roja.<\/p>\n\n\n\n<p>Oaxaca de Ju\u00e1rez, Oax., 16 de octubre de 2020.- Lo que ya se pronosticaba por fin lleg\u00f3, una segunda ola de contagios por Covid-19 se ha registrado en la entidad oaxaque\u00f1a y al parecer con m\u00e1s fuerza debido a la desobediencia civil y la falta de acciones contundentes para contener los contagios por parte de las autoridades estatales.\u00a0<\/p>\n\n\n\n<p>\u201cLa crisis sanitaria y econ\u00f3mica desatada desde hace ya ocho meses en M\u00e9xico y sus entidades federativas por los efectos de la pandemia del Covid-19 sigue fuera de control\u201d, refiere la d\u00e9cimo tercera edici\u00f3n de \u201cCuadernos de Pandemia\u201d, publicaci\u00f3n coordinada por Isidoro Yescas y Claudio S\u00e1nchez, que desde hace meses se ha dado a la tarea de documentar los que trasciende en torno a la contingencia.<\/p>\n\n\n\n<p>Con una fuerte cr\u00edtica a las autoridades estatales y federales, da cuenta de las fallidas pol\u00edticas p\u00fablicas aplicadas por el Gobierno del Estado, el crecimiento del desempleo y el incumplimiento de las disposiciones sanitarias acordados para asegurar la salud de los oaxaque\u00f1os.<\/p>\n\n\n\n<p>As\u00ed mismo, reporta el impacto del Covid en el gremio period\u00edstico y los pueblos ind\u00edgenas, las cuentas alegres que ya se anticipan por parte del Poder Ejecutivo para la presentaci\u00f3n del Cuarto Informe de Gobierno, las constantes protestas pese a la pandemia, la desaparici\u00f3n de fideicomisos, los negocios de las funerarias \u201cpatito\u201d y los enga\u00f1os en torno a los medicamentos para atender la contingencia.\u00a0<\/p>\n\n\n\n<p>Como en pocas ocasiones, en este n\u00famero se da cuenta de lo que sucede en el gremio period\u00edstico afectado, como todos los dem\u00e1s, por la pandemia y mediante un recuento de casos refiere los contagios y fallecimientos que se han registrado a causa del virus SARS-CoV2; adem\u00e1s de explicar que en M\u00e9xico 26 periodistas han muerto por la enfermedad.&nbsp;<\/p>\n\n\n\n<p>La pandemia pues, tal y como lo explica el texto, ha significado un nuevo desaf\u00edo para la seguridad del gremio, sum\u00e1ndose a los cr\u00edmenes cometidos por el narcotr\u00e1fico, grupos armados clandestinos y como consecuencia de la corrupci\u00f3n de los funcionarios del sector p\u00fablico.<\/p>\n\n\n\n<p>Los t\u00edtulos de esta edici\u00f3n son: \u201cPandemia y desempleo en Oaxaca, ilusiones y alternativa\u201d; \u201cUn Cuarto Informe Pand\u00e9mico\u201d; \u201cPol\u00edticas p\u00fablica fallidas y miles de v\u00edctimas\u201d; \u201cCovid-19 golpea a periodistas oaxaque\u00f1os\u201d; \u201cPueblo ind\u00edgenas: una perfecta sindemia\u201d.<\/p>\n\n\n\n<p>\u201cBloqueos urbanos y mentales: Oaxaca recargada\u201d; \u201cBazar Covid II: Medicamentos y funerarias \u2018chafas\u2019\u201d; \u201cVida y muerte del Fonden\u201d; \u201cPara muertos, la muerte\u201d; \u201cLos posgrados \u2018salvador\u2019 por el internet deber\u00edan complementarse en el aula real\u201d; \u201c\u00bfDe qu\u00e9 sirven los debates y las votaciones?\u201d.<\/p>\n\n\n\n<p>Finalmente, en esta ocasi\u00f3n la publicaci\u00f3n cuenta con la participaci\u00f3n po\u00e9tica de Araceli Mancilla, el ensayo fotogr\u00e1fico y no pod\u00edan faltar las calaveritas pand\u00e9micas, con motivo de las festividades del D\u00eda de Muertos.&nbsp;<\/p>\n\n\n\n<p>Las plumas que participan en el m\u00e1s reciente n\u00famero son: Carlos Sorroza Polo, Isidoro Yescas, V\u00edctor Ruiz Arrazola, Ismael Garc\u00eda, Gerardo Garfias Ruiz, Claudio S\u00e1nchez Islas, Bartolom\u00e9 Rodolfo Navarro Jim\u00e9nez, Samael Hern\u00e1ndez Ruiz, Manuel Matus Manzo, Prometeo S\u00e1nchez Islas, Manuel Esparza y Ronald Waterbury.<\/p>\n","protected":false},"excerpt":{"rendered":"<p>Evlin Arag\u00f3n\/Zona Roja. Oaxaca de Ju\u00e1rez, Oax., 16 de octubre de 2020.- Lo que ya&hellip;<\/p>\n","protected":false},"author":2,"featured_media":18873,"comment_status":"closed","ping_status":"open","sticky":false,"template":"","format":"standard","meta":{"_lmt_disableupdate":"","_lmt_disable":"","_jetpack_memberships_contains_paid_content":false,"footnotes":""},"categories":[109,46],"tags":[1655],"class_list":["post-18872","post","type-post","status-publish","format-standard","has-post-thumbnail","hentry","category-minuto-a-minuto","category-zona-blanca","tag-cuadernos-de-la-pandemia"],"jetpack_featured_media_url":"https:\/\/zonaroja.com.mx\/wp-content\/uploads\/2020\/10\/Cuadernos-de-la-pandemia-13.jpg","jetpack_sharing_enabled":true,"_links":{"self":[{"href":"https:\/\/zonaroja.com.mx\/index.php?rest_route=\/wp\/v2\/posts\/18872","targetHints":{"allow":["GET"]}}],"collection":[{"href":"https:\/\/zonaroja.com.mx\/index.php?rest_route=\/wp\/v2\/posts"}],"about":[{"href":"https:\/\/zonaroja.com.mx\/index.php?rest_route=\/wp\/v2\/types\/post"}],"author":[{"embeddable":true,"href":"https:\/\/zonaroja.com.mx\/index.php?rest_route=\/wp\/v2\/users\/2"}],"replies":[{"embeddable":true,"href":"https:\/\/zonaroja.com.mx\/index.php?rest_route=%2Fwp%2Fv2%2Fcomments&post=18872"}],"version-history":[{"count":1,"href":"https:\/\/zonaroja.com.mx\/index.php?rest_route=\/wp\/v2\/posts\/18872\/revisions"}],"predecessor-version":[{"id":18874,"href":"https:\/\/zonaroja.com.mx\/index.php?rest_route=\/wp\/v2\/posts\/18872\/revisions\/18874"}],"wp:featuredmedia":[{"embeddable":true,"href":"https:\/\/zonaroja.com.mx\/index.php?rest_route=\/wp\/v2\/media\/18873"}],"wp:attachment":[{"href":"https:\/\/zonaroja.com.mx\/index.php?rest_route=%2Fwp%2Fv2%2Fmedia&parent=18872"}],"wp:term":[{"taxonomy":"category","embeddable":true,"href":"https:\/\/zonaroja.com.mx\/index.php?rest_route=%2Fwp%2Fv2%2Fcategories&post=18872"},{"taxonomy":"post_tag","embeddable":true,"href":"https:\/\/zonaroja.com.mx\/index.php?rest_route=%2Fwp%2Fv2%2Ftags&post=18872"}],"curies":[{"name":"wp","href":"https:\/\/api.w.org\/{rel}","templated":true}]}}