{"id":18878,"date":"2020-10-16T16:44:01","date_gmt":"2020-10-16T21:44:01","guid":{"rendered":"http:\/\/www.zonaroja.com.mx\/?p=18878"},"modified":"2020-10-16T16:53:46","modified_gmt":"2020-10-16T21:53:46","slug":"autoridades-lachirioag-oaxaca-encarcelan-a-un-perro-lo-quieren-matar","status":"publish","type":"post","link":"https:\/\/zonaroja.com.mx\/?p=18878","title":{"rendered":"Autoridades Lachirioag, Oaxaca, encarcelan a un perro; lo quieren matar"},"content":{"rendered":"\n<p>Yruidiana Sosa\/Zona Roja.<\/p>\n\n\n\n<p>Oaxaca de Ju\u00e1rez, Oax., 16 de octubre de 2020.- Pobladores del municipio de San Crist\u00f3bal Lachirioag, en la regi\u00f3n de la Sierra Norte de Oaxaca, denuncian que el presidente Sebasti\u00e1n M\u00e9ndez, encarcel\u00f3 a un perro de raza Pitbull y se niega a entregarlo a su propietario, amenazando que envenenar\u00e1 a la mascota.<\/p>\n\n\n\n<p>A trav\u00e9s de redes sociales, los propietarios y comunidad en general, perteneciente al distrito de Villa Alta, exigen la intervenci\u00f3n de las autoridades correspondientes sobre este hecho, el cual forma parte del delito de maltrato animal, ya penalizado en la entidad.<\/p>\n\n\n\n<p>Pero, de acuerdo con los ciudadanos, en ese municipio la autoridad ha prohibido tener como mascota a m\u00e1s de dos perros, por lo que de forma constante se tiene conocimiento del envenenamiento de animales.<\/p>\n\n\n\n<p>Los propietarios del perro raza Pitbull se\u00f1alan que el edil y el s\u00edndico Jos\u00e9 Miguel ordenaron la detenci\u00f3n de la mascota sin que existieran motivos, pues no efectu\u00f3 ninguna agresi\u00f3n a alguien. Sin embargo, las autoridades argumentan que es un animal peligroso por su raza.<\/p>\n\n\n\n<p>Cuando fueron por la mascota detenida las autoridades se negaron a devolverlo y reconocieron su intenci\u00f3n de asesinar al canino, desapareciendo el cuerpo para que sus due\u00f1os creyeran que se hab\u00eda extraviado, relat\u00f3 el afectado en la denuncia p\u00fablica.<\/p>\n","protected":false},"excerpt":{"rendered":"<p>Yruidiana Sosa\/Zona Roja. Oaxaca de Ju\u00e1rez, Oax., 16 de octubre de 2020.- Pobladores del municipio&hellip;<\/p>\n","protected":false},"author":2,"featured_media":18879,"comment_status":"closed","ping_status":"open","sticky":false,"template":"","format":"standard","meta":{"_lmt_disableupdate":"","_lmt_disable":"","_jetpack_memberships_contains_paid_content":false,"footnotes":""},"categories":[109,47],"tags":[2109],"class_list":["post-18878","post","type-post","status-publish","format-standard","has-post-thumbnail","hentry","category-minuto-a-minuto","category-zona-gris","tag-san-cristobal-lachirioag"],"jetpack_featured_media_url":"https:\/\/zonaroja.com.mx\/wp-content\/uploads\/2020\/10\/Perro-carcel-Lachirioag.jpg","jetpack_sharing_enabled":true,"_links":{"self":[{"href":"https:\/\/zonaroja.com.mx\/index.php?rest_route=\/wp\/v2\/posts\/18878","targetHints":{"allow":["GET"]}}],"collection":[{"href":"https:\/\/zonaroja.com.mx\/index.php?rest_route=\/wp\/v2\/posts"}],"about":[{"href":"https:\/\/zonaroja.com.mx\/index.php?rest_route=\/wp\/v2\/types\/post"}],"author":[{"embeddable":true,"href":"https:\/\/zonaroja.com.mx\/index.php?rest_route=\/wp\/v2\/users\/2"}],"replies":[{"embeddable":true,"href":"https:\/\/zonaroja.com.mx\/index.php?rest_route=%2Fwp%2Fv2%2Fcomments&post=18878"}],"version-history":[{"count":2,"href":"https:\/\/zonaroja.com.mx\/index.php?rest_route=\/wp\/v2\/posts\/18878\/revisions"}],"predecessor-version":[{"id":18881,"href":"https:\/\/zonaroja.com.mx\/index.php?rest_route=\/wp\/v2\/posts\/18878\/revisions\/18881"}],"wp:featuredmedia":[{"embeddable":true,"href":"https:\/\/zonaroja.com.mx\/index.php?rest_route=\/wp\/v2\/media\/18879"}],"wp:attachment":[{"href":"https:\/\/zonaroja.com.mx\/index.php?rest_route=%2Fwp%2Fv2%2Fmedia&parent=18878"}],"wp:term":[{"taxonomy":"category","embeddable":true,"href":"https:\/\/zonaroja.com.mx\/index.php?rest_route=%2Fwp%2Fv2%2Fcategories&post=18878"},{"taxonomy":"post_tag","embeddable":true,"href":"https:\/\/zonaroja.com.mx\/index.php?rest_route=%2Fwp%2Fv2%2Ftags&post=18878"}],"curies":[{"name":"wp","href":"https:\/\/api.w.org\/{rel}","templated":true}]}}