{"id":18883,"date":"2020-10-16T18:56:24","date_gmt":"2020-10-16T23:56:24","guid":{"rendered":"http:\/\/www.zonaroja.com.mx\/?p=18883"},"modified":"2020-10-16T18:56:27","modified_gmt":"2020-10-16T23:56:27","slug":"bloquean-triquis-por-segundo-dia-carretera-en-la-mixteca-para-exigir-justicia","status":"publish","type":"post","link":"https:\/\/zonaroja.com.mx\/?p=18883","title":{"rendered":"Bloquean Triquis por segundo d\u00eda carretera en la Mixteca para exigir justicia"},"content":{"rendered":"\n<p>Yuridiana Sosa\/Zona Roja. Foto: Igavec<\/p>\n\n\n\n<p>Oaxaca de Ju\u00e1rez, Oax., 16 de octubre de 2020.- Ante la pasividad de la Fiscal\u00eda General del Estado, pueblos de la etnia Triqui se unieron hoy y, por segundo d\u00eda, bloquearon la carretera federal Huajuapan-Juxtlahuaca, en inmediaciones de este \u00faltimo municipio.<\/p>\n\n\n\n<p>Lo anterior, para exigir justicia por el asesinato de Epifanio de Jes\u00fas Mart\u00ednez, atacado a balazos la tarde del martes pasado y quien perdiera la vida ayer, en el hospital del IMSS de Juxtlahuaca.<\/p>\n\n\n\n<p>Los ind\u00edgenas triquis, integrantes del Frente de Resistencia Ind\u00edgena de Santiago Juxtlahuaca, demandan al Gobierno del Estado cese a la violencia en la zona ante las m\u00faltiples agresiones de las que han sido v\u00edctimas.<\/p>\n\n\n\n<p>A la Fiscal\u00eda General exigen que investigue de forma inmediata este crimen y se castigue a los responsables; se\u00f1alaron como presuntos implicados en la agresi\u00f3n al presidente municipal de Juxtlahuaca, Nicol\u00e1s Feria Romero, su padre y militantes del MULT.<\/p>\n\n\n\n<p>La manifestaci\u00f3n inici\u00f3 ayer por parte de familiares y compa\u00f1eros de organizaci\u00f3n del finado en el tramo carretero Huajuapan-Juxtlahuaca, en inmediaciones del campo deportivo, para lo cual instalaron el f\u00e9retro de Jes\u00fas Mart\u00ednez.<\/p>\n\n\n\n<p>El ind\u00edgena triqui falleci\u00f3 a consecuencia de la gravedad de las heridas de bala por el ataque armado que sufri\u00f3 la tarde del martes en la carretera que comunica al paraje \u201cLoma de Cuervo\u201d, en inmediaciones de la localidad Diamante Copala, en Juxtlahuaca.<\/p>\n\n\n\n<p>La ma\u00f1ana de este jueves perdi\u00f3 la vida mientras se encontraba hospitalizado en el Instituto Mexicano del Seguro Social de Juxtlahuaca. Hasta el momento su demanda no ha sido atendida por el Gobierno del Estado.<\/p>\n","protected":false},"excerpt":{"rendered":"<p>Yuridiana Sosa\/Zona Roja. Foto: Igavec Oaxaca de Ju\u00e1rez, Oax., 16 de octubre de 2020.- Ante&hellip;<\/p>\n","protected":false},"author":2,"featured_media":18884,"comment_status":"closed","ping_status":"open","sticky":false,"template":"","format":"standard","meta":{"_lmt_disableupdate":"","_lmt_disable":"","_jetpack_memberships_contains_paid_content":false,"footnotes":""},"categories":[109,47],"tags":[2110,826],"class_list":["post-18883","post","type-post","status-publish","format-standard","has-post-thumbnail","hentry","category-minuto-a-minuto","category-zona-gris","tag-epifanio-de-jesus-martinez","tag-santiago-juxtlahuaca"],"jetpack_featured_media_url":"https:\/\/zonaroja.com.mx\/wp-content\/uploads\/2020\/10\/Ataud-triquis-Juxtlahuaca.jpg","jetpack_sharing_enabled":true,"_links":{"self":[{"href":"https:\/\/zonaroja.com.mx\/index.php?rest_route=\/wp\/v2\/posts\/18883","targetHints":{"allow":["GET"]}}],"collection":[{"href":"https:\/\/zonaroja.com.mx\/index.php?rest_route=\/wp\/v2\/posts"}],"about":[{"href":"https:\/\/zonaroja.com.mx\/index.php?rest_route=\/wp\/v2\/types\/post"}],"author":[{"embeddable":true,"href":"https:\/\/zonaroja.com.mx\/index.php?rest_route=\/wp\/v2\/users\/2"}],"replies":[{"embeddable":true,"href":"https:\/\/zonaroja.com.mx\/index.php?rest_route=%2Fwp%2Fv2%2Fcomments&post=18883"}],"version-history":[{"count":1,"href":"https:\/\/zonaroja.com.mx\/index.php?rest_route=\/wp\/v2\/posts\/18883\/revisions"}],"predecessor-version":[{"id":18885,"href":"https:\/\/zonaroja.com.mx\/index.php?rest_route=\/wp\/v2\/posts\/18883\/revisions\/18885"}],"wp:featuredmedia":[{"embeddable":true,"href":"https:\/\/zonaroja.com.mx\/index.php?rest_route=\/wp\/v2\/media\/18884"}],"wp:attachment":[{"href":"https:\/\/zonaroja.com.mx\/index.php?rest_route=%2Fwp%2Fv2%2Fmedia&parent=18883"}],"wp:term":[{"taxonomy":"category","embeddable":true,"href":"https:\/\/zonaroja.com.mx\/index.php?rest_route=%2Fwp%2Fv2%2Fcategories&post=18883"},{"taxonomy":"post_tag","embeddable":true,"href":"https:\/\/zonaroja.com.mx\/index.php?rest_route=%2Fwp%2Fv2%2Ftags&post=18883"}],"curies":[{"name":"wp","href":"https:\/\/api.w.org\/{rel}","templated":true}]}}