{"id":18890,"date":"2020-10-16T20:54:37","date_gmt":"2020-10-17T01:54:37","guid":{"rendered":"http:\/\/www.zonaroja.com.mx\/?p=18890"},"modified":"2020-10-16T20:54:41","modified_gmt":"2020-10-17T01:54:41","slug":"ratifica-tribunal-estatal-a-sesul-bolanos-como-presidente-de-morena","status":"publish","type":"post","link":"https:\/\/zonaroja.com.mx\/?p=18890","title":{"rendered":"Ratifica Tribunal Estatal a Sesul Bola\u00f1os como presidente de Morena"},"content":{"rendered":"\n<p>Yuridiana Sosa\/Redacci\u00f3n\/Zona Roja.<\/p>\n\n\n\n<p>Oaxaca de Ju\u00e1rez, Oax., 16 de octubre de 2020.- El Tribunal Electoral del Estado de Oaxaca (TEEO) resolvi\u00f3 hoy la ratificaci\u00f3n de Sesul Bola\u00f1os L\u00f3pez como presidente del Comit\u00e9 Ejecutivo Estatal del Partido Morena.<\/p>\n\n\n\n<p>Con ello, desech\u00f3 las dos \u00faltimas impugnaciones promovidas por un grupo de militantes del partido, que respaldaban al diputado local Ericel G\u00f3mez Nucamendi como delegado especial de ese instituto pol\u00edtico.<\/p>\n\n\n\n<p>Fue el pasado 7 de julio en que la Comisi\u00f3n Nacional de Honestidad y Justicia de Morena, determin\u00f3 que en ausencia del presidente por renuncia al cargo &#8211;en este caso Nancy Ortiz&#8211; correspond\u00eda a Sesul Bola\u00f1os &#8211;entonces secretario General&#8211;, asumir la presidencia del partido en Oaxaca, mediante el oficio CNHJ-216-2020.<\/p>\n\n\n\n<p>Ante ello, G\u00f3mez Nucamendi y quienes lo respaldan interpusieron juicios ante el Tribunal Electoral del Estado.<\/p>\n\n\n\n<p>Este viernes, durante el an\u00e1lisis de las dos \u00faltimas impugnaciones, los magistrados&nbsp; determinaron que su remoci\u00f3n como delegado se dio de acuerdo con las normas estatutarias de Morena, dejando de tener efectos su nombramiento&nbsp; al haber concluido su periodo de vigencia.<\/p>\n\n\n\n<p>En consecuencia, el Tribunal determin\u00f3 por unanimidad desechar esa impugnaci\u00f3n, con lo que se reconoce el nombramiento de Sesul Bola\u00f1os como presidente del Comit\u00e9 Ejecutivo Estatal de Morena.<\/p>\n\n\n\n<figure class=\"wp-block-embed-twitter wp-block-embed is-type-rich is-provider-twitter\"><div class=\"wp-block-embed__wrapper\">\n<div class=\"twitter-tweet\"><blockquote class=\"twitter-tweet\" data-lang=\"es\"><p lang=\"es\" dir=\"ltr\">No te dejes enga\u00f1ar por las noticias falsas, este d\u00eda ha circulado informaci\u00f3n falsa sobre la Dirigencia del <a href=\"https:\/\/twitter.com\/CEEmorenaOax?ref_src=twsrc%5Etfw\">@CEEmorenaOax<\/a>.<br>Te invitamos a estar bien informado, en este video te contamos lo que resolvi\u00f3 el <a href=\"https:\/\/twitter.com\/TEEOax?ref_src=twsrc%5Etfw\">@TEEOax<\/a> hoy. <a href=\"https:\/\/twitter.com\/hashtag\/HablarDeFrente?src=hash&amp;ref_src=twsrc%5Etfw\">#HablarDeFrente<\/a> y con la verdad para lograr unidad. <a href=\"https:\/\/t.co\/L0XZYTks4g\">pic.twitter.com\/L0XZYTks4g<\/a><\/p>&mdash; Sesul Bola\u00f1os (@SesulBolanos) <a href=\"https:\/\/twitter.com\/SesulBolanos\/status\/1317276026842460160?ref_src=twsrc%5Etfw\">17 de octubre de 2020<\/a><\/blockquote><\/div>\n<\/div><\/figure>\n\n\n\n<p>El pasado 16 de julio, Bola\u00f1os L\u00f3pez tom\u00f3 posesi\u00f3n de la presidencia de Morena en Oaxaca, la cual, dijo, fue aprobada por la Comisi\u00f3n Nacional de Honor y Justicia de Morena y avalada por el Comit\u00e9 Ejecutivo Estatal.<\/p>\n\n\n\n<p>Detall\u00f3 en ese entonces que \u00e9l mismo pidi\u00f3 asumir el cargo a trav\u00e9s de un oficio dirigido el 14 de junio, en el que expuso: \u201c\u00bfPuedo ejercer las funciones de presidente por ausencia del mismo y en suplencia como corresponde a lo que reza en dicho art\u00edculo 32, inciso b?\u201d<\/p>\n\n\n\n<p>La respuesta de la Comisi\u00f3n Nacional de Honor y Justicia, indic\u00f3: \u201cen ausencia del presidente del \u00f3rgano, puede suplirlo en sus funciones, sin mediar tr\u00e1mite alguno. Lo anterior a reserva de que el Comit\u00e9 Ejecutivo Nacional ejerza su facultad de nombrar un delegado para dicho \u00f3rgano\u201d, dijo durante la toma de protesta a su cargo.<\/p>\n","protected":false},"excerpt":{"rendered":"<p>Yuridiana Sosa\/Redacci\u00f3n\/Zona Roja. Oaxaca de Ju\u00e1rez, Oax., 16 de octubre de 2020.- El Tribunal Electoral&hellip;<\/p>\n","protected":false},"author":2,"featured_media":18891,"comment_status":"closed","ping_status":"open","sticky":false,"template":"","format":"standard","meta":{"_lmt_disableupdate":"","_lmt_disable":"","_jetpack_memberships_contains_paid_content":false,"footnotes":""},"categories":[109,47],"tags":[1841],"class_list":["post-18890","post","type-post","status-publish","format-standard","has-post-thumbnail","hentry","category-minuto-a-minuto","category-zona-gris","tag-sesul-bolanos-lopez"],"jetpack_featured_media_url":"https:\/\/zonaroja.com.mx\/wp-content\/uploads\/2020\/10\/Sesul-Bolanos-Lopez.jpg","jetpack_sharing_enabled":true,"_links":{"self":[{"href":"https:\/\/zonaroja.com.mx\/index.php?rest_route=\/wp\/v2\/posts\/18890","targetHints":{"allow":["GET"]}}],"collection":[{"href":"https:\/\/zonaroja.com.mx\/index.php?rest_route=\/wp\/v2\/posts"}],"about":[{"href":"https:\/\/zonaroja.com.mx\/index.php?rest_route=\/wp\/v2\/types\/post"}],"author":[{"embeddable":true,"href":"https:\/\/zonaroja.com.mx\/index.php?rest_route=\/wp\/v2\/users\/2"}],"replies":[{"embeddable":true,"href":"https:\/\/zonaroja.com.mx\/index.php?rest_route=%2Fwp%2Fv2%2Fcomments&post=18890"}],"version-history":[{"count":1,"href":"https:\/\/zonaroja.com.mx\/index.php?rest_route=\/wp\/v2\/posts\/18890\/revisions"}],"predecessor-version":[{"id":18892,"href":"https:\/\/zonaroja.com.mx\/index.php?rest_route=\/wp\/v2\/posts\/18890\/revisions\/18892"}],"wp:featuredmedia":[{"embeddable":true,"href":"https:\/\/zonaroja.com.mx\/index.php?rest_route=\/wp\/v2\/media\/18891"}],"wp:attachment":[{"href":"https:\/\/zonaroja.com.mx\/index.php?rest_route=%2Fwp%2Fv2%2Fmedia&parent=18890"}],"wp:term":[{"taxonomy":"category","embeddable":true,"href":"https:\/\/zonaroja.com.mx\/index.php?rest_route=%2Fwp%2Fv2%2Fcategories&post=18890"},{"taxonomy":"post_tag","embeddable":true,"href":"https:\/\/zonaroja.com.mx\/index.php?rest_route=%2Fwp%2Fv2%2Ftags&post=18890"}],"curies":[{"name":"wp","href":"https:\/\/api.w.org\/{rel}","templated":true}]}}