{"id":18894,"date":"2020-10-16T21:45:27","date_gmt":"2020-10-17T02:45:27","guid":{"rendered":"http:\/\/www.zonaroja.com.mx\/?p=18894"},"modified":"2020-10-16T21:45:30","modified_gmt":"2020-10-17T02:45:30","slug":"replican-en-la-capital-oaxaquena-el-festival-del-mole-de-caderas","status":"publish","type":"post","link":"https:\/\/zonaroja.com.mx\/?p=18894","title":{"rendered":"Replican en la capital oaxaque\u00f1a el Festival del Mole de Caderas"},"content":{"rendered":"\n<p>Evlin Arag\u00f3n\/Zona Roja.<\/p>\n\n\n\n<p>Oaxaca de Ju\u00e1rez, Oax., 16 de octubre de 2020.- Pese a la pandemia y las complicaciones en materia econ\u00f3mica y tur\u00edstica que ha tra\u00eddo consigo, la industria restaurantera no se da por vencida y ha anunciado la celebraci\u00f3n del Festival del Mole de Caderas, el cual conjunta la tradici\u00f3n culinaria y la historia de la regi\u00f3n Mixteca.\u00a0<\/p>\n\n\n\n<p>Es as\u00ed que con las respectivas medidas sanitarias, el platillo se vende a partir de este viernes al interior del restaurante \u201cLos Danzantes\u201d ubicado sobre el Andador Tur\u00edstico en el coraz\u00f3n del Centro Hist\u00f3rico, con un costo de 380 peso por persona.&nbsp;<\/p>\n\n\n\n<p>As\u00ed lo dio a conocer el chef Alejandro Burgos, quien asegur\u00f3 que el objetivo del restaurante es contribuir a consolidar a Oaxaca como el destino gastron\u00f3mico nacional e internacional.<\/p>\n\n\n\n<p>Raz\u00f3n por la que por primera vez se unieron al festival y con el apoyo de Mayra Guzm\u00e1n Lujano, cocinera tradicional de Huajuapan de Le\u00f3n, lograron conocer no solo la elaboraci\u00f3n del platillo sino toda la historia que est\u00e1 detr\u00e1s.&nbsp;<\/p>\n\n\n\n<p>Destac\u00f3 la necesidad de revalorar y enaltecer los platillos tradicionales y culturales de la entidad por lo que invito a la sociedad en general a consumirlo, y por qu\u00e9 no, prepararlos en casa para conservar los ingredientes end\u00e9micos de las diferentes regiones del estado.\u00a0<\/p>\n\n\n\n<figure class=\"wp-block-embed-twitter wp-block-embed is-type-rich is-provider-twitter\"><div class=\"wp-block-embed__wrapper\">\n<div class=\"twitter-tweet\"><blockquote class=\"twitter-tweet\" data-lang=\"es\"><p lang=\"es\" dir=\"ltr\">(2) Por su parte, el gestor cultural de Huajuapan, Austerlitz S\u00e1nchez M\u00e9ndez, habl\u00f3 de la historia del mole de cadera y los esfuerzos oaxaque\u00f1os por posicionar ese alimento en la gastronom\u00eda mexicana.<a href=\"https:\/\/twitter.com\/Losdanzantesoax?ref_src=twsrc%5Etfw\">@Losdanzantesoax<\/a> <a href=\"https:\/\/t.co\/48HtPTo4UY\">pic.twitter.com\/48HtPTo4UY<\/a><\/p>&mdash; Zona Roja Oaxaca (@MexRoja) <a href=\"https:\/\/twitter.com\/MexRoja\/status\/1317288247718916096?ref_src=twsrc%5Etfw\">17 de octubre de 2020<\/a><\/blockquote><\/div>\n<\/div><\/figure>\n\n\n\n<p>La historia del platillo fue contada por Mayra Guzm\u00e1n, quien detall\u00f3 que tiene m\u00e1s de 400 a\u00f1os de antig\u00fcedad y que forma parte de la herencia que pastores mixtecos dejaron para las siguientes generaciones.<\/p>\n\n\n\n<p>\u201cEste mole es una conjugaci\u00f3n de olores y sabores silvestres de los campos de la Mixteca, elaborado a base de caderas de chivo, que es el huesamento de la cabra blanca pastore\u00f1a que es cuidada a campo libre en las praderas de la regi\u00f3n\u201d, explic\u00f3 la joven cocinera.<\/p>\n\n\n\n<p>El chile coste\u00f1o, el tomate criollo, la pepicha, la hoja de aguacate y el guaje, vaina que le da identidad a la regi\u00f3n, son los ingredientes silvestres cuya mezcla da como resultado uno de los platillos m\u00e1s importantes de la regi\u00f3n Mixteca y por el cual realizan todo un festival.&nbsp;<\/p>\n\n\n\n<p>Por su parte, el gestor cultural, Austerlitz S\u00e1nchez M\u00e9ndez, dio a conocer que hace unas d\u00e9cadas se estaba perdiendo la tradici\u00f3n en la Mixteca y Huajuapan particularmente, por lo que en Puebla se estaban apropiando de ella.<\/p>\n\n\n\n<p>Lo anterior ocasion\u00f3 que desde el 2007 se empezara a impulsar el festival, con la intenci\u00f3n no s\u00f3lo de destacar la parte culinaria sino tambi\u00e9n la historia en la elaboraci\u00f3n del platillo, que sin duda da identidad a la regi\u00f3n.&nbsp;<\/p>\n\n\n\n<p>Finalmente, Fernando Mart\u00edn Sedano, representante en Oaxaca de la C\u00e1mara Nacional de la Industria Restaurantera y de Alimentos Condimentados (Canirac), asegur\u00f3 que se trata de celebrar las tradiciones gastron\u00f3micas con la que cuentan la entidad, pero tambi\u00e9n un gran esfuerzo por reactivar la econom\u00eda de la industria que se ha visto fuertemente afectada por la contingencia sanitaria.&nbsp;<\/p>\n\n\n\n<p>\u201cNosotros tenemos que contribuir a que no se pierda la tradici\u00f3n culinaria, por eso pese a la contingencia queremos rendir tributo y ofrecer el platillo a las personas que este a\u00f1o desafortunadamente no podr\u00e1n formar parte del festival como lo conocemos\u201d, concluy\u00f3.\u00a0<\/p>\n\n\n\n<figure class=\"wp-block-embed-twitter wp-block-embed is-type-rich is-provider-twitter\"><div class=\"wp-block-embed__wrapper\">\n<div class=\"twitter-tweet\"><blockquote class=\"twitter-tweet\" data-lang=\"es\"><p lang=\"es\" dir=\"ltr\">(1) En conferencia de prensa, el presidente de la C\u00e1mara Nacional de la Industria Restaurantera y Alimentos Condimentados (Canirac), Fernando Mart\u00edn Sedano, invit\u00f3 a los oaxaque\u00f1os y visitantes a degustar el tradicional mole de cadera en <a href=\"https:\/\/twitter.com\/Losdanzantesoax?ref_src=twsrc%5Etfw\">@Losdanzantesoax<\/a>. <a href=\"https:\/\/t.co\/ap0QNNTxkV\">pic.twitter.com\/ap0QNNTxkV<\/a><\/p>&mdash; Zona Roja Oaxaca (@MexRoja) <a href=\"https:\/\/twitter.com\/MexRoja\/status\/1317287014606143488?ref_src=twsrc%5Etfw\">17 de octubre de 2020<\/a><\/blockquote><\/div>\n<\/div><\/figure>\n","protected":false},"excerpt":{"rendered":"<p>Evlin Arag\u00f3n\/Zona Roja. Oaxaca de Ju\u00e1rez, Oax., 16 de octubre de 2020.- Pese a la&hellip;<\/p>\n","protected":false},"author":2,"featured_media":18895,"comment_status":"closed","ping_status":"open","sticky":false,"template":"","format":"standard","meta":{"_lmt_disableupdate":"","_lmt_disable":"","_jetpack_memberships_contains_paid_content":false,"footnotes":""},"categories":[109,46],"tags":[2111],"class_list":["post-18894","post","type-post","status-publish","format-standard","has-post-thumbnail","hentry","category-minuto-a-minuto","category-zona-blanca","tag-festival-del-mole-de-cadera"],"jetpack_featured_media_url":"https:\/\/zonaroja.com.mx\/wp-content\/uploads\/2020\/10\/Mole-de-caderas-Los-Danzantes.jpg","jetpack_sharing_enabled":true,"_links":{"self":[{"href":"https:\/\/zonaroja.com.mx\/index.php?rest_route=\/wp\/v2\/posts\/18894","targetHints":{"allow":["GET"]}}],"collection":[{"href":"https:\/\/zonaroja.com.mx\/index.php?rest_route=\/wp\/v2\/posts"}],"about":[{"href":"https:\/\/zonaroja.com.mx\/index.php?rest_route=\/wp\/v2\/types\/post"}],"author":[{"embeddable":true,"href":"https:\/\/zonaroja.com.mx\/index.php?rest_route=\/wp\/v2\/users\/2"}],"replies":[{"embeddable":true,"href":"https:\/\/zonaroja.com.mx\/index.php?rest_route=%2Fwp%2Fv2%2Fcomments&post=18894"}],"version-history":[{"count":1,"href":"https:\/\/zonaroja.com.mx\/index.php?rest_route=\/wp\/v2\/posts\/18894\/revisions"}],"predecessor-version":[{"id":18896,"href":"https:\/\/zonaroja.com.mx\/index.php?rest_route=\/wp\/v2\/posts\/18894\/revisions\/18896"}],"wp:featuredmedia":[{"embeddable":true,"href":"https:\/\/zonaroja.com.mx\/index.php?rest_route=\/wp\/v2\/media\/18895"}],"wp:attachment":[{"href":"https:\/\/zonaroja.com.mx\/index.php?rest_route=%2Fwp%2Fv2%2Fmedia&parent=18894"}],"wp:term":[{"taxonomy":"category","embeddable":true,"href":"https:\/\/zonaroja.com.mx\/index.php?rest_route=%2Fwp%2Fv2%2Fcategories&post=18894"},{"taxonomy":"post_tag","embeddable":true,"href":"https:\/\/zonaroja.com.mx\/index.php?rest_route=%2Fwp%2Fv2%2Ftags&post=18894"}],"curies":[{"name":"wp","href":"https:\/\/api.w.org\/{rel}","templated":true}]}}