{"id":18904,"date":"2020-10-17T07:50:19","date_gmt":"2020-10-17T12:50:19","guid":{"rendered":"http:\/\/www.zonaroja.com.mx\/?p=18904"},"modified":"2020-10-17T07:50:22","modified_gmt":"2020-10-17T12:50:22","slug":"asesinan-a-balazos-a-un-individuo-en-la-costa-de-oaxaca","status":"publish","type":"post","link":"https:\/\/zonaroja.com.mx\/?p=18904","title":{"rendered":"Asesinan a balazos a un individuo en la Costa de Oaxaca"},"content":{"rendered":"\n<p>Redacci\u00f3n\/Zona Roja.<\/p>\n\n\n\n<p>Oaxaca de Ju\u00e1rez, Oax., 17 de octubre de 2020.- Una persona del sexo masculino fue asesinada este viernes en Santa Elena Comaltepec, agencia de Santiago Jamiltepec, municipio de la regi\u00f3n Costa de Oaxaca.<\/p>\n\n\n\n<p>Seg\u00fan informes policiacos, sujetos armados arribaron a la casa de Francisco L\u00f3pez V\u00e1squez, de 34 a\u00f1os de edad, y le dispararon directamente, tras lo cual huyeron.<\/p>\n\n\n\n<p>La v\u00edctima qued\u00f3 en la miscel\u00e1nea \u201cNoem\u00ed\u201d, localizada en su domicilio, con varios disparos de arma de fuego en el cuerpo.<\/p>\n\n\n\n<p>Elementos de la polic\u00eda municipal realizaron operativos de b\u00fasqueda, sin resultados positivos, mientras que personal de la Vicefiscal\u00eda Regional de la Costa inici\u00f3 la Carpeta de Investigaci\u00f3n correspondiente.<\/p>\n\n\n\n<p>Por otra parte, ayer en la noche dos individuos fueron asesinados en el Barrio de Arriba, de Cuajuinicuilapa, estado de Guerrero, uno de los cuales es oaxaque\u00f1o.<\/p>\n\n\n\n<p>Una v\u00edctima fue identificada como Jorge Antonio S\u00e1nchez, originario del vecino estado, y el otro como Amado Olmedo Hern\u00e1ndez, de Pinotepa Nacional, quien presuntamente era ganadero.<\/p>\n","protected":false},"excerpt":{"rendered":"<p>Redacci\u00f3n\/Zona Roja. Oaxaca de Ju\u00e1rez, Oax., 17 de octubre de 2020.- Una persona del sexo&hellip;<\/p>\n","protected":false},"author":2,"featured_media":7500,"comment_status":"closed","ping_status":"open","sticky":false,"template":"","format":"standard","meta":{"_lmt_disableupdate":"","_lmt_disable":"","_jetpack_memberships_contains_paid_content":false,"footnotes":""},"categories":[109,51],"tags":[2113],"class_list":["post-18904","post","type-post","status-publish","format-standard","has-post-thumbnail","hentry","category-minuto-a-minuto","category-zona-roja","tag-santa-elena-comaltepec"],"jetpack_featured_media_url":"https:\/\/zonaroja.com.mx\/wp-content\/uploads\/2020\/01\/Escena-del-crimen5.jpg","jetpack_sharing_enabled":true,"_links":{"self":[{"href":"https:\/\/zonaroja.com.mx\/index.php?rest_route=\/wp\/v2\/posts\/18904","targetHints":{"allow":["GET"]}}],"collection":[{"href":"https:\/\/zonaroja.com.mx\/index.php?rest_route=\/wp\/v2\/posts"}],"about":[{"href":"https:\/\/zonaroja.com.mx\/index.php?rest_route=\/wp\/v2\/types\/post"}],"author":[{"embeddable":true,"href":"https:\/\/zonaroja.com.mx\/index.php?rest_route=\/wp\/v2\/users\/2"}],"replies":[{"embeddable":true,"href":"https:\/\/zonaroja.com.mx\/index.php?rest_route=%2Fwp%2Fv2%2Fcomments&post=18904"}],"version-history":[{"count":1,"href":"https:\/\/zonaroja.com.mx\/index.php?rest_route=\/wp\/v2\/posts\/18904\/revisions"}],"predecessor-version":[{"id":18905,"href":"https:\/\/zonaroja.com.mx\/index.php?rest_route=\/wp\/v2\/posts\/18904\/revisions\/18905"}],"wp:featuredmedia":[{"embeddable":true,"href":"https:\/\/zonaroja.com.mx\/index.php?rest_route=\/wp\/v2\/media\/7500"}],"wp:attachment":[{"href":"https:\/\/zonaroja.com.mx\/index.php?rest_route=%2Fwp%2Fv2%2Fmedia&parent=18904"}],"wp:term":[{"taxonomy":"category","embeddable":true,"href":"https:\/\/zonaroja.com.mx\/index.php?rest_route=%2Fwp%2Fv2%2Fcategories&post=18904"},{"taxonomy":"post_tag","embeddable":true,"href":"https:\/\/zonaroja.com.mx\/index.php?rest_route=%2Fwp%2Fv2%2Ftags&post=18904"}],"curies":[{"name":"wp","href":"https:\/\/api.w.org\/{rel}","templated":true}]}}