{"id":18909,"date":"2020-10-17T08:16:18","date_gmt":"2020-10-17T13:16:18","guid":{"rendered":"http:\/\/www.zonaroja.com.mx\/?p=18909"},"modified":"2020-10-17T08:16:21","modified_gmt":"2020-10-17T13:16:21","slug":"ligan-a-cienfuegos-con-cartel-de-nayarit-traficaban-droga-a-eu","status":"publish","type":"post","link":"https:\/\/zonaroja.com.mx\/?p=18909","title":{"rendered":"Ligan a Cienfuegos con c\u00e1rtel de Nayarit; traficaban droga a EU"},"content":{"rendered":"\n<p>Redacci\u00f3n\/Zona Roja Cdmx.<\/p>\n\n\n\n<p>Ciudad de M\u00e9xico, 17 de octubre de 2020.- El ex titular de la Secretar\u00eda de la Defensa Nacional, Salvador Cienfuegos Zepeda, enfrenta cargos por lavado de dinero y fabricar, importar y distribuir narc\u00f3ticos en Estados Unidos. Lo ligan a grupo delictivo de Nayarit.<\/p>\n\n\n\n<p>De acuerdo con el gobierno norteamericano, entre 2015 y 2017, el quien fuera responsable de la Sedena en el gobierno de Enrique Pe\u00f1a Nieto, protegi\u00f3 a Juan Francisco Patr\u00f3n S\u00e1nchez \u201cEl H2\u201d, uno de los l\u00edderes del C\u00e1rtel de los Beltr\u00e1n Leyva en Nayarit, por lo que se gan\u00f3 el mote del \u201cPadrino\u201d en Estados Unidos.<\/p>\n\n\n\n<p>En una carta enviada a la juez Carol Amon del Distrito Este de Nueva York &#8211;el mismo en el que se proces\u00f3 a \u201cEl Chapo\u201d Guzm\u00e1n y en el que se enjuicia a Genaro Garc\u00eda Luna&#8211;, el fiscal general interino, Seth DuCharme se\u00f1ala que Cienfuegos Zepeda \u201cabus\u00f3\u201d y \u201cus\u00f3\u201d su cargo oficial &#8211;el m\u00e1s alto en el Ej\u00e9rcito&#8211; para ayudar al C\u00e1rtel del H-2, \u201cuna organizaci\u00f3n mexicana de tr\u00e1fico de drogas extremadamente violenta, trafica miles de kilogramos de coca\u00edna, hero\u00edna, metanfetamina y marihuana a Estados Unidos\u201d.<\/p>\n\n\n\n<p>El fiscal DuCharme advierte que Cienfuegos Zepeda, a cambio de sobornos, permiti\u00f3 que el Cartel del H-2&nbsp; \u201coperara con impunidad en M\u00e9xico\u201d, lo que permiti\u00f3 que Patr\u00f3n S\u00e1nchez tuviera c\u00e9lulas de distribuci\u00f3n drogas en Los \u00c1ngeles, Las Vegas, Ohio, Minnesota, Carolina del Norte y Nueva York.<\/p>\n\n\n\n<p>\u201c\u2019El Padrino\u2019 (Cienfuegos), junto con otros, conspir\u00f3 consciente e intencionalmente para fabricar y distribuir una o m\u00e1s sustancias controladas con intenci\u00f3n y causa razonable de que tales sustancias ser\u00edan importadas ilegalmente a los Estados Unidos\u201d, se\u00f1ala.<\/p>\n\n\n\n<p>Cienfuegos Zepeda fue detenido el 15 de octubre en el Aeropuerto de Los \u00c1ngeles y enfrenta tres cargos de conspiraci\u00f3n internacional para la fabricaci\u00f3n, importaci\u00f3n y distribuci\u00f3n de hero\u00edna, coca\u00edna, metanfetamina y marihuana, as\u00ed como uno m\u00e1s por lavado de dinero, producto del narcotr\u00e1fico.<\/p>\n\n\n\n<p>Los servicios de inteligencia de Estados Unidos interceptaron comunicaciones que revelan que Cienfuegos Zepeda ayud\u00f3 a que las operaciones militares no se llevar\u00e1n a cabo en contra de la organizaci\u00f3n del H-2, adem\u00e1s de que promovi\u00f3 operaciones militares contra c\u00e1rteles rivales.<\/p>\n\n\n\n<p>\u201cComunicaciones en las que se identifica al acusado por nombre, t\u00edtulo y fotograf\u00eda como el funcionario del gobierno mexicano que asiste al Cartel H-2\u201d, se\u00f1al\u00f3 el fiscal general.<\/p>\n\n\n\n<p>En el documento se expone que Cienfuegos no actu\u00f3 solo y advierte que la investigaci\u00f3n podr\u00eda extenderse, ya que se\u00f1ala al \u201cacusado y otros funcionarios corruptos\u201d.<\/p>\n\n\n\n<p>PROCESO LEGAL<\/p>\n\n\n\n<p>\u25cf Cienfuegos est\u00e1 en el Metropolitan Detention Center en downtown LA.<\/p>\n\n\n\n<p>\u25cf Espera su traslado a Nueva York, para enfrentar sus acusaciones.<\/p>\n\n\n\n<p>\u25cf La fiscal\u00eda de EU afirma que el General representa un riesgo de fuga.<\/p>\n\n\n\n<p>\u25cf Por lo anterior, pide que se le encarcele como medida preventiva.<\/p>\n\n\n\n<p>\u25cf El H-2, Juan Francisco Patr\u00f3n, fue abatido por la Marina en Nayarit, en 2017.<\/p>\n\n\n\n<p>(Informaci\u00f3n de \u00abEl Heraldo de M\u00e9xico\u00bb)<\/p>\n","protected":false},"excerpt":{"rendered":"<p>Redacci\u00f3n\/Zona Roja Cdmx. Ciudad de M\u00e9xico, 17 de octubre de 2020.- El ex titular de&hellip;<\/p>\n","protected":false},"author":2,"featured_media":18910,"comment_status":"closed","ping_status":"open","sticky":false,"template":"","format":"standard","meta":{"_lmt_disableupdate":"","_lmt_disable":"","_jetpack_memberships_contains_paid_content":false,"footnotes":""},"categories":[109,47],"tags":[2108],"class_list":["post-18909","post","type-post","status-publish","format-standard","has-post-thumbnail","hentry","category-minuto-a-minuto","category-zona-gris","tag-salvador-cienfuegos-zepeda"],"jetpack_featured_media_url":"https:\/\/zonaroja.com.mx\/wp-content\/uploads\/2020\/10\/Salvador-Cienfuegos-audiencia-2.jpg","jetpack_sharing_enabled":true,"_links":{"self":[{"href":"https:\/\/zonaroja.com.mx\/index.php?rest_route=\/wp\/v2\/posts\/18909","targetHints":{"allow":["GET"]}}],"collection":[{"href":"https:\/\/zonaroja.com.mx\/index.php?rest_route=\/wp\/v2\/posts"}],"about":[{"href":"https:\/\/zonaroja.com.mx\/index.php?rest_route=\/wp\/v2\/types\/post"}],"author":[{"embeddable":true,"href":"https:\/\/zonaroja.com.mx\/index.php?rest_route=\/wp\/v2\/users\/2"}],"replies":[{"embeddable":true,"href":"https:\/\/zonaroja.com.mx\/index.php?rest_route=%2Fwp%2Fv2%2Fcomments&post=18909"}],"version-history":[{"count":1,"href":"https:\/\/zonaroja.com.mx\/index.php?rest_route=\/wp\/v2\/posts\/18909\/revisions"}],"predecessor-version":[{"id":18911,"href":"https:\/\/zonaroja.com.mx\/index.php?rest_route=\/wp\/v2\/posts\/18909\/revisions\/18911"}],"wp:featuredmedia":[{"embeddable":true,"href":"https:\/\/zonaroja.com.mx\/index.php?rest_route=\/wp\/v2\/media\/18910"}],"wp:attachment":[{"href":"https:\/\/zonaroja.com.mx\/index.php?rest_route=%2Fwp%2Fv2%2Fmedia&parent=18909"}],"wp:term":[{"taxonomy":"category","embeddable":true,"href":"https:\/\/zonaroja.com.mx\/index.php?rest_route=%2Fwp%2Fv2%2Fcategories&post=18909"},{"taxonomy":"post_tag","embeddable":true,"href":"https:\/\/zonaroja.com.mx\/index.php?rest_route=%2Fwp%2Fv2%2Ftags&post=18909"}],"curies":[{"name":"wp","href":"https:\/\/api.w.org\/{rel}","templated":true}]}}