{"id":18912,"date":"2020-10-17T10:48:07","date_gmt":"2020-10-17T15:48:07","guid":{"rendered":"http:\/\/www.zonaroja.com.mx\/?p=18912"},"modified":"2020-10-17T10:48:11","modified_gmt":"2020-10-17T15:48:11","slug":"renuncia-titular-del-area-administrativa-de-los-sso-advierte-colapso-la-dependencia","status":"publish","type":"post","link":"https:\/\/zonaroja.com.mx\/?p=18912","title":{"rendered":"Renuncia titular del \u00e1rea administrativa de los SSO, advierte colapso la dependencia"},"content":{"rendered":"\n<p>Evlin Arag\u00f3n\/Zona Roja.<\/p>\n\n\n\n<p>Oaxaca de Ju\u00e1rez, Oax., 17 de octubre de 2020.- La renuncia de quien fuera subdirector-subsecretario de Administraci\u00f3n y Finanza de los Servicios de Salud de Oaxaca (SSO), Martin Mathus Alonso, fue confirmada ayer.<\/p>\n\n\n\n<p>Aunque fue oficializada con un documento fechado el 5 de octubre, que el mismo funcionario firm\u00f3 y en donde destaca una serie de irregularidades que asegura, de continuar, ocasionaran el colapso de la dependencia.&nbsp;<\/p>\n\n\n\n<p>Ello se suma a la renuncia de otros funcionarios al interior de la dependencia encargada de la pol\u00edtica en materia de salud y de hacer frente a la pandemia, que no cesa en Oaxaca, y por el contrario mantiene un n\u00famero importante de contagios y fallecimientos diarios.&nbsp;<\/p>\n\n\n\n<p>De acuerdo con la carta de renuncia dirigida al titular de los SSO, Donato Casas Escamilla, y que se hizo p\u00fablica recientemente, \u00e9ste \u00faltimo y su equipo de trabajo ha violado de forma sistem\u00e1tica los cauces de responsabilidad, autoridad y seguimientos de objetivos en la instancia.<\/p>\n\n\n\n<p>Ello podr\u00eda derivar en el colapso de los Servicios de Salud en todas sus vertientes, ya que los procedimientos institucionales trabajados con la Secretaria de Finanzas no son llevados con cabalidad y constantemente se cambia el rumbo, generando incertidumbre para toda la dependencia.&nbsp;<\/p>\n\n\n\n<p>Y es que, a pesar de las m\u00faltiples reuniones con el gobernador de Oaxaca, Alejandro Murat Hinojosa, donde se plantearon las l\u00edneas de trabajo institucional para el saneamiento financiero, laboral, institucional y administrativo, estas no se concretaron al ser desviadas y no apoyada por el titular de la dependencia.\u00a0<\/p>\n\n\n\n<figure class=\"wp-block-image size-large\"><img decoding=\"async\" width=\"768\" height=\"1024\" src=\"http:\/\/www.zonaroja.com.mx\/wp-content\/uploads\/2020\/10\/Renuncia-Martin-Mathus-768x1024.jpg\" alt=\"\" class=\"wp-image-18913\" srcset=\"https:\/\/zonaroja.com.mx\/wp-content\/uploads\/2020\/10\/Renuncia-Martin-Mathus-768x1024.jpg 768w, https:\/\/zonaroja.com.mx\/wp-content\/uploads\/2020\/10\/Renuncia-Martin-Mathus-225x300.jpg 225w, https:\/\/zonaroja.com.mx\/wp-content\/uploads\/2020\/10\/Renuncia-Martin-Mathus-585x780.jpg 585w, https:\/\/zonaroja.com.mx\/wp-content\/uploads\/2020\/10\/Renuncia-Martin-Mathus.jpg 960w\" sizes=\"(max-width: 768px) 100vw, 768px\" \/><\/figure>\n\n\n\n<p>\u201cInvariablemente \u00e9stas son socavada, desviadas, mal interpretadas, no apoyadas, tendenciosamente manejadas como responsabilidad directa de un servidor; m\u00e1s que l\u00edneas de acci\u00f3n institucionales y consensuada con las \u00e1reas correspondientes\u201d, cita la carta de renuncia de Mathus Alonso.&nbsp;<\/p>\n\n\n\n<p>El ex funcionario afirma que no se prestara a terminar como m\u00e1rtir, ni a inmolarse pol\u00edticamente por causas no compartidas con responsabilidad, pero m\u00e1s que nada manejadas sin \u00e9tica profesional ni moral de ning\u00fan tipo al interior de tan importante instancia.&nbsp;<\/p>\n\n\n\n<p>As\u00ed es que, en plena contingencia, las tres subdirecciones de mando al interior de lo SSO, la General, la de Administraci\u00f3n y Finanzas, y la de Innovaci\u00f3n y Calidad, han sufrido cambios o renuncias, a las que tambi\u00e9n se han incluido las direcciones como Prevenci\u00f3n y Promoci\u00f3n de la Salud, as\u00ed como de Regulaci\u00f3n y Fomento Sanitario.&nbsp;<\/p>\n","protected":false},"excerpt":{"rendered":"<p>Evlin Arag\u00f3n\/Zona Roja. Oaxaca de Ju\u00e1rez, Oax., 17 de octubre de 2020.- La renuncia de&hellip;<\/p>\n","protected":false},"author":2,"featured_media":18914,"comment_status":"closed","ping_status":"open","sticky":false,"template":"","format":"standard","meta":{"_lmt_disableupdate":"","_lmt_disable":"","_jetpack_memberships_contains_paid_content":false,"footnotes":""},"categories":[109,47],"tags":[2115],"class_list":["post-18912","post","type-post","status-publish","format-standard","has-post-thumbnail","hentry","category-minuto-a-minuto","category-zona-gris","tag-martin-mathus-alonso"],"jetpack_featured_media_url":"https:\/\/zonaroja.com.mx\/wp-content\/uploads\/2020\/10\/Martin-Mathus-y-Donato-Casas.png","jetpack_sharing_enabled":true,"_links":{"self":[{"href":"https:\/\/zonaroja.com.mx\/index.php?rest_route=\/wp\/v2\/posts\/18912","targetHints":{"allow":["GET"]}}],"collection":[{"href":"https:\/\/zonaroja.com.mx\/index.php?rest_route=\/wp\/v2\/posts"}],"about":[{"href":"https:\/\/zonaroja.com.mx\/index.php?rest_route=\/wp\/v2\/types\/post"}],"author":[{"embeddable":true,"href":"https:\/\/zonaroja.com.mx\/index.php?rest_route=\/wp\/v2\/users\/2"}],"replies":[{"embeddable":true,"href":"https:\/\/zonaroja.com.mx\/index.php?rest_route=%2Fwp%2Fv2%2Fcomments&post=18912"}],"version-history":[{"count":1,"href":"https:\/\/zonaroja.com.mx\/index.php?rest_route=\/wp\/v2\/posts\/18912\/revisions"}],"predecessor-version":[{"id":18915,"href":"https:\/\/zonaroja.com.mx\/index.php?rest_route=\/wp\/v2\/posts\/18912\/revisions\/18915"}],"wp:featuredmedia":[{"embeddable":true,"href":"https:\/\/zonaroja.com.mx\/index.php?rest_route=\/wp\/v2\/media\/18914"}],"wp:attachment":[{"href":"https:\/\/zonaroja.com.mx\/index.php?rest_route=%2Fwp%2Fv2%2Fmedia&parent=18912"}],"wp:term":[{"taxonomy":"category","embeddable":true,"href":"https:\/\/zonaroja.com.mx\/index.php?rest_route=%2Fwp%2Fv2%2Fcategories&post=18912"},{"taxonomy":"post_tag","embeddable":true,"href":"https:\/\/zonaroja.com.mx\/index.php?rest_route=%2Fwp%2Fv2%2Ftags&post=18912"}],"curies":[{"name":"wp","href":"https:\/\/api.w.org\/{rel}","templated":true}]}}