{"id":18916,"date":"2020-10-17T11:27:22","date_gmt":"2020-10-17T16:27:22","guid":{"rendered":"http:\/\/www.zonaroja.com.mx\/?p=18916"},"modified":"2020-10-17T19:16:25","modified_gmt":"2020-10-18T00:16:25","slug":"y-nadie-quiso-a-don-nacho-indigente-finalmente-perdio-la-vida","status":"publish","type":"post","link":"https:\/\/zonaroja.com.mx\/?p=18916","title":{"rendered":"Y nadie quiso a don Nacho; indigente, finalmente perdi\u00f3 la vida"},"content":{"rendered":"\n<p>Evlin Arag\u00f3n\/Zona Roja.<\/p>\n\n\n\n<p>Oaxaca de Ju\u00e1rez, Oax., 17 de octubre de 2020.- Don Nacho finalmente muri\u00f3. Estuvo abandonado completamente a su suerte por varios d\u00edas, hasta que almas caritativas ayudaron al indigente.<\/p>\n\n\n\n<p>Nadie lo quer\u00eda, nadie lo quiso. El DIF municipal de Oaxaca de Ju\u00e1rez argumentaba que no ten\u00eda espacio. Y tras la presi\u00f3n medi\u00e1tica, lleg\u00f3 con una ambulancia, pero era tarde, muy tarde; don Ignacio muri\u00f3, a los 71 a\u00f1os de edad. Sus \u00faltimos d\u00edas, dolorosos, en la calle.<\/p>\n\n\n\n<p>Se trata de un hombre, de edad avanzada, que fue vestido con sudadera gris y pantal\u00f3n oscuro. Don Ignacio Franco se llam\u00f3 y estuvo al menos dos d\u00edas postrado en una silla de pl\u00e1stico, a las afueras del mercado de \u201cLa Merced\u201d, donde le dieron los apoyos.<\/p>\n\n\n\n<p>De cabello y barba blanca por los 71 a\u00f1os a cuestas y proveniente de la Ciudad de M\u00e9xico, de acuerdo con su credencial de elector, deambul\u00f3 por m\u00e1s de ocho d\u00edas en la zona, seg\u00fan directivos y locatarios del mercado.<\/p>\n\n\n\n<p>La imagen era devastadora para cualquier persona con un poco de sensibilidad al tratarse de una persona en completo estado de indefensi\u00f3n, con sospecha de que fue abandonado a prop\u00f3sito por sus familiares debido a un padecimiento de salud que a simple vista se observa pero que no est\u00e1 debidamente diagnosticado por un especialista.<\/p>\n\n\n\n<p>En el \u00faltimo d\u00eda, el jueves. Una l\u00e1grima rod\u00f3 por el rostro curtido de don Ignacio, que para ese d\u00eda ya vest\u00eda ropa limpia y tenis, apoyado por directivos y locatarios de \u201cLa Merced\u201d, que lo ba\u00f1aron.<\/p>\n\n\n\n<p>&nbsp;D\u00edas antes, ninguna autoridad se quiso hacer cargo y por el contrario dieron una enorme lista de pretextos, dentro de ello la contingencia sanitaria, para no permitir su ingreso a un albergue o facilitar un espacio que le evite pernoctar en las calles.<\/p>\n\n\n\n<p>BRAVO, ALPHA<\/p>\n\n\n\n<p>Fue el equipo de salvamento Bravo Alpha del grupo Bryso, encabezado por la param\u00e9dico Judith, el que mostr\u00f3 un poco de humanidad, acudi\u00f3 al llamado de auxilio y se encargado incluso del traslado del hombre para que fuera valorado por especialistas m\u00e9dicos que determinaran su condici\u00f3n mental y su estado de salud.<\/p>\n\n\n\n<p>Lo anterior para cumplir con los requisitos del DIF Municipal que, aunque su funci\u00f3n es atender a la poblaci\u00f3n vulnerable, no quiso hacerse responsable del adulto mayor, argumentando que necesitaban una prueba negativa de Covid-19 para poder darle asilo en un albergue, a sabiendas de que no es f\u00e1cil acceder a las pruebas de los Servicios de Salud y de que no podr\u00eda costear una prueba particular.&nbsp;<\/p>\n\n\n\n<p>Judith explic\u00f3 que tras el reporte de una persona desvanecida al interior del mercado, acudieron para dar los primeros auxilios, se le valor\u00f3 y se solicit\u00f3 el apoyo de las autoridades municipales que, aunque acudieron, no resolvieron el acceso de la persona a un centro hospitalario, por lo que fue el personal de salvamento quien se hizo cargo de llevarlo al Centro de Salud y posteriormente al Hospital Civil.&nbsp;<\/p>\n\n\n\n<p>Adem\u00e1s, con el apoyo econ\u00f3mico de la diputada federal Alejandra Garc\u00eda Morl\u00e1n, le realizaron estudios de t\u00f3rax, coraz\u00f3n y laboratoriales tambi\u00e9n como requisitos para ingresar a un albergue, adem\u00e1s de la prueba Covid-19 cuyos resultados fueron negativos, lo que imposibilit\u00f3 su ingreso y le obligo a permanecer en situaci\u00f3n de calle.<\/p>\n\n\n\n<p>\u201cEl se\u00f1or no pudo entrar a ning\u00fan albergue por la serie de requisitos que est\u00e1n pidiendo\u201d confirm\u00f3 la param\u00e9dico.<\/p>\n\n\n\n<p>LOCATARIOS BENEFACTORES<\/p>\n\n\n\n<p>De acuerdo con el administrador del mercado de \u201cLa Merced\u201d, Jos\u00e9 Octavio Hern\u00e1ndez Mart\u00ednez, quien resguard\u00f3 a Ignacio en sus instalaciones, exist\u00eda un reporte de una persona desaparecida en la Ciudad de M\u00e9xico con caracter\u00edsticas similares a las del var\u00f3n, raz\u00f3n por la que dieron aviso a la Fiscal\u00eda General de Justicia de Oaxaca, quien se comprometi\u00f3 a vincular con las autoridades de la capital del pa\u00eds.&nbsp;<\/p>\n\n\n\n<p>\u201cLa pandemia nos est\u00e1 complicando el procedimiento a seguir. Pero hoy hay que ser m\u00e1s humanos, tocarnos el coraz\u00f3n y ayudar a las personas que lo necesitan. Nacho lo est\u00e1 necesitando, necesitamos cambiar el chip y apoyar a las personas que lo necesitan\u201d dijo.&nbsp;&nbsp;<\/p>\n\n\n\n<p>La historia de don Nacho es m\u00e1s frecuente de lo que se quisiera, las personas en situaci\u00f3n de calle cada vez incrementan m\u00e1s en n\u00famero y desafortunadamente no todas cuentan con la \u201csuerte\u201d de ser apoyados por la sociedad. Adem\u00e1s de que no hay instituciones que los quiera recibir, parad\u00f3jicamente por la misma situaci\u00f3n en la que se encuentran.&nbsp;<\/p>\n\n\n\n<p>\u201cNachos y nachas hay todos los d\u00edas. Lo estamos apoyando porque vimos que el apoyo que brindamos tuvo eco en las personas de aqu\u00ed del mercado de \u2018La Merced\u2019 no hicieron segunda y hasta tercera. Esa es la respuesta ciudadana que necesitamos para ayudar a m\u00e1s personas de este tipo\u201d, dijo Judith.&nbsp;<\/p>\n\n\n\n<p>&nbsp;Pese a todo, Ignacio fue afortunado de que los vecinos de la zona de la Merced y locatarios del mercado se hayan puesto las manos en el coraz\u00f3n y se hayan conmovido al punto de buscar diferentes opciones para ayudarlo.<\/p>\n\n\n\n<p>No fue sino hasta que se hizo viral la denuncia en varios medios de informaci\u00f3n que las autoridades atendieron la situaci\u00f3n, dando a conocer que la persona abandonada efectivamente proven\u00eda de la Ciudad de M\u00e9xico y que cuenta con familiares en la capital oaxaque\u00f1a.&nbsp;<\/p>\n\n\n\n<p>Lamentablemente la suerte de Ignacio, Nacho, como lo nombraron quienes se compadecieron de \u00e9l, no fue suficiente y falleci\u00f3 este viernes. Finalmente la familia apareci\u00f3 y dijo que vendr\u00eda a Oaxaca por don Nacho. Pero fue demasiado tarde. Muri\u00f3 v\u00edctima de sus padecimientos.<\/p>\n\n\n\n<p>El presunto abandono de su familia y la negligencia de las autoridades tuvieron un fatal desenlace. Lo m\u00e1s dram\u00e1tico es que la historia se repite de forma contante en las calles de la ciudad.&nbsp;&nbsp;<\/p>\n","protected":false},"excerpt":{"rendered":"<p>Evlin Arag\u00f3n\/Zona Roja. Oaxaca de Ju\u00e1rez, Oax., 17 de octubre de 2020.- Don Nacho finalmente&hellip;<\/p>\n","protected":false},"author":2,"featured_media":18917,"comment_status":"closed","ping_status":"open","sticky":false,"template":"","format":"standard","meta":{"_lmt_disableupdate":"","_lmt_disable":"","_jetpack_memberships_contains_paid_content":false,"footnotes":""},"categories":[109,47],"tags":[],"class_list":["post-18916","post","type-post","status-publish","format-standard","has-post-thumbnail","hentry","category-minuto-a-minuto","category-zona-gris"],"jetpack_featured_media_url":"https:\/\/zonaroja.com.mx\/wp-content\/uploads\/2020\/10\/Indigente-Oaxaca-de-Nezahualcoyotl.jpg","jetpack_sharing_enabled":true,"_links":{"self":[{"href":"https:\/\/zonaroja.com.mx\/index.php?rest_route=\/wp\/v2\/posts\/18916","targetHints":{"allow":["GET"]}}],"collection":[{"href":"https:\/\/zonaroja.com.mx\/index.php?rest_route=\/wp\/v2\/posts"}],"about":[{"href":"https:\/\/zonaroja.com.mx\/index.php?rest_route=\/wp\/v2\/types\/post"}],"author":[{"embeddable":true,"href":"https:\/\/zonaroja.com.mx\/index.php?rest_route=\/wp\/v2\/users\/2"}],"replies":[{"embeddable":true,"href":"https:\/\/zonaroja.com.mx\/index.php?rest_route=%2Fwp%2Fv2%2Fcomments&post=18916"}],"version-history":[{"count":3,"href":"https:\/\/zonaroja.com.mx\/index.php?rest_route=\/wp\/v2\/posts\/18916\/revisions"}],"predecessor-version":[{"id":18924,"href":"https:\/\/zonaroja.com.mx\/index.php?rest_route=\/wp\/v2\/posts\/18916\/revisions\/18924"}],"wp:featuredmedia":[{"embeddable":true,"href":"https:\/\/zonaroja.com.mx\/index.php?rest_route=\/wp\/v2\/media\/18917"}],"wp:attachment":[{"href":"https:\/\/zonaroja.com.mx\/index.php?rest_route=%2Fwp%2Fv2%2Fmedia&parent=18916"}],"wp:term":[{"taxonomy":"category","embeddable":true,"href":"https:\/\/zonaroja.com.mx\/index.php?rest_route=%2Fwp%2Fv2%2Fcategories&post=18916"},{"taxonomy":"post_tag","embeddable":true,"href":"https:\/\/zonaroja.com.mx\/index.php?rest_route=%2Fwp%2Fv2%2Ftags&post=18916"}],"curies":[{"name":"wp","href":"https:\/\/api.w.org\/{rel}","templated":true}]}}