{"id":18925,"date":"2020-10-17T19:34:21","date_gmt":"2020-10-18T00:34:21","guid":{"rendered":"http:\/\/www.zonaroja.com.mx\/?p=18925"},"modified":"2020-10-17T19:34:24","modified_gmt":"2020-10-18T00:34:24","slug":"ejecutan-a-un-individuo-en-chahuites-y-a-otro-en-ejutla-de-crespo","status":"publish","type":"post","link":"https:\/\/zonaroja.com.mx\/?p=18925","title":{"rendered":"Ejecutan a un individuo en Chahuites y a otro en Ejutla de Crespo"},"content":{"rendered":"\n<p>Redacci\u00f3n\/Zona Roja.<\/p>\n\n\n\n<p>Oaxaca de Ju\u00e1rez, Oax., 17 de octubre de 2020.- Dos personas fueron asesinadas a balazos este s\u00e1bado, una de ellas al oriente del Istmo de Tehuantepec &#8211;zona donde realiz\u00f3 hoy una gira del Presidente Andr\u00e9s Manuel L\u00f3pez Obrador&#8211; y otra en Valles Centrales.<\/p>\n\n\n\n<p>En el municipio de Chahuites &#8211;colindante con San Pedro Tapanatepec, que visit\u00f3 hoy el mandatario mexicano&#8211;, sujetos armados dieron muerte a un individuo de entre 25 y 30 a\u00f1os de edad.<\/p>\n\n\n\n<p>El cuerpo fue localizado a un costado del tramo carretero de Chahuites a Arriaga, Chiapas, cerca de un basurero municipal; hasta el momento la v\u00edctima no ha sido identificada.<\/p>\n\n\n\n<p>Por otra parte, la violencia volvi\u00f3 a golpear al municipio de Ejutla de Crespo, en los Valles Centrales, una vez m\u00e1s este s\u00e1bado, con el asesinato con arma de fuego de un joven hombre en pleno centro de la ciudad.<\/p>\n\n\n\n<p>El reporte preliminar policiaco indic\u00f3 que el crimen se registr\u00f3 entre las calles de Porfirio D\u00edaz y Benito Ju\u00e1rez, en el centro de la comunidad, mientras que la v\u00edctima viajaba como pasajero a bordo de un taxi.<\/p>\n\n\n\n<p>La identidad de la v\u00edctima est\u00e1 como desconocida, pero se logr\u00f3 saber que es originario de Coatecas Altas y presuntamente arrib\u00f3 a Ejutla para vender mezcal.<\/p>\n\n\n\n<p>Por las heridas contundentes de arma de fuego que recibi\u00f3, el joven perdi\u00f3 la vida al instante, por lo que al lugar llegaron elementos de la Polic\u00eda Estatal y municipal para acordonar el \u00e1rea, as\u00ed como de la Agencia Estatal de Investigaciones para realizar las diligencias de ley.<\/p>\n","protected":false},"excerpt":{"rendered":"<p>Redacci\u00f3n\/Zona Roja. Oaxaca de Ju\u00e1rez, Oax., 17 de octubre de 2020.- Dos personas fueron asesinadas&hellip;<\/p>\n","protected":false},"author":2,"featured_media":18321,"comment_status":"closed","ping_status":"open","sticky":false,"template":"","format":"standard","meta":{"_lmt_disableupdate":"","_lmt_disable":"","_jetpack_memberships_contains_paid_content":false,"footnotes":""},"categories":[109,51],"tags":[1613,702],"class_list":["post-18925","post","type-post","status-publish","format-standard","has-post-thumbnail","hentry","category-minuto-a-minuto","category-zona-roja","tag-chauites","tag-ejutla-de-crespo"],"jetpack_featured_media_url":"https:\/\/zonaroja.com.mx\/wp-content\/uploads\/2020\/10\/Escena-del-crimen1.jpg","jetpack_sharing_enabled":true,"_links":{"self":[{"href":"https:\/\/zonaroja.com.mx\/index.php?rest_route=\/wp\/v2\/posts\/18925","targetHints":{"allow":["GET"]}}],"collection":[{"href":"https:\/\/zonaroja.com.mx\/index.php?rest_route=\/wp\/v2\/posts"}],"about":[{"href":"https:\/\/zonaroja.com.mx\/index.php?rest_route=\/wp\/v2\/types\/post"}],"author":[{"embeddable":true,"href":"https:\/\/zonaroja.com.mx\/index.php?rest_route=\/wp\/v2\/users\/2"}],"replies":[{"embeddable":true,"href":"https:\/\/zonaroja.com.mx\/index.php?rest_route=%2Fwp%2Fv2%2Fcomments&post=18925"}],"version-history":[{"count":1,"href":"https:\/\/zonaroja.com.mx\/index.php?rest_route=\/wp\/v2\/posts\/18925\/revisions"}],"predecessor-version":[{"id":18932,"href":"https:\/\/zonaroja.com.mx\/index.php?rest_route=\/wp\/v2\/posts\/18925\/revisions\/18932"}],"wp:featuredmedia":[{"embeddable":true,"href":"https:\/\/zonaroja.com.mx\/index.php?rest_route=\/wp\/v2\/media\/18321"}],"wp:attachment":[{"href":"https:\/\/zonaroja.com.mx\/index.php?rest_route=%2Fwp%2Fv2%2Fmedia&parent=18925"}],"wp:term":[{"taxonomy":"category","embeddable":true,"href":"https:\/\/zonaroja.com.mx\/index.php?rest_route=%2Fwp%2Fv2%2Fcategories&post=18925"},{"taxonomy":"post_tag","embeddable":true,"href":"https:\/\/zonaroja.com.mx\/index.php?rest_route=%2Fwp%2Fv2%2Ftags&post=18925"}],"curies":[{"name":"wp","href":"https:\/\/api.w.org\/{rel}","templated":true}]}}