{"id":18933,"date":"2020-10-17T19:50:54","date_gmt":"2020-10-18T00:50:54","guid":{"rendered":"http:\/\/www.zonaroja.com.mx\/?p=18933"},"modified":"2020-10-17T19:50:57","modified_gmt":"2020-10-18T00:50:57","slug":"convocan-a-la-formacion-de-un-observatorio-universitario-en-la-uabjo","status":"publish","type":"post","link":"https:\/\/zonaroja.com.mx\/?p=18933","title":{"rendered":"Convocan a la formaci\u00f3n de un Observatorio Universitario en la UABJO"},"content":{"rendered":"\n<p>Evlin Arag\u00f3n\/Zona Roja.<\/p>\n\n\n\n<p>Oaxaca de Ju\u00e1rez, Oax., 17 de octubre de 2020.- Ante lo conflictos por los que atraviesa la Universidad Aut\u00f3noma \u201cBenito Ju\u00e1rez\u201d de Oaxaca por la sucesi\u00f3n rectoral, ex rectores, acad\u00e9micos e intelectuales, egresadas y egresados, estudiantes y personal en activo de la instituci\u00f3n propusieron la creaci\u00f3n de un Observatorio Universitario que impulse una nueva Ley Org\u00e1nica.&nbsp;<\/p>\n\n\n\n<p>As\u00ed lo dieron a conocer en un documento en el que refieren que el modelo pol\u00edtico que ha prevalecido en la m\u00e1xima casa de estudios en los \u00faltimos 40 a\u00f1os, ya se agot\u00f3 y es necesario transitar a otro, donde la docencia, investigaci\u00f3n y difusi\u00f3n de la cultura se coloquen en primer plano.&nbsp;<\/p>\n\n\n\n<p>Lo anterior, sin descuidar lo controles institucionales que son necesarios para garantizar su gobernabilidad y obligaciones con la transparencia y rendici\u00f3n de cuenta, que puedan dejar atr\u00e1s los recurrentes conflictos pol\u00edtico-sindicales y cuestionamientos a un correcto ejercicio de los subsidios federal y estatal.<\/p>\n\n\n\n<p>Para las y los convocantes, es fundamental recupera la tradici\u00f3n democr\u00e1tica de la UABJO para crear un organismo plural e independiente de universitarios que no solamente est\u00e9 atento al quehacer de sus autoridades, sino que promueva e impulse propuestas orientadas a la modificaci\u00f3n de sus viajes estructura institucionales en la idea y compromiso de transitar hacia un modelo acad\u00e9mico y organizacional con el consenso de todos sus actores.&nbsp;<\/p>\n\n\n\n<p>Por ello proponen una nueva Ley Org\u00e1nica que incluya una serie de reformas al sistema electoral, a la disciplina financiera y rendici\u00f3n de cuentas, as\u00ed como a las \u00e1reas acad\u00e9micas y administrativas-laborales que permitan los cambios estructurales que necesidad la universidad.<\/p>\n\n\n\n<p>En materia electoral proponen, previa consulta con la comunidad universitaria, modificar el mecanismo vigente a fin de que se garantice una mayor certeza jur\u00eddica, gobernabilidad institucional, representatividad de todos los sectores universitarios y trayectoria acad\u00e9mica del rector y directores de las escuelas, facultades e institutos, mismo que debe permitir al rector designar de forma libre a sus colaboradores para dejar el viejo modelo atr\u00e1s que responde a presiones pol\u00edticas de grupos dentro y fuera de la universidad.&nbsp;<\/p>\n\n\n\n<p>En materia de disciplina financiera y rendici\u00f3n de cuentas, se impulsar\u00eda darle autonom\u00eda a la contralor\u00eda interna y obligar a las autoridades a transparentar y rendir cuentas peri\u00f3dicamente de su ejercicio, mismas que tendr\u00edan que incluirse en la nueva Ley Org\u00e1nica; as\u00ed mismo, una designaci\u00f3n del contralor sin la intervenci\u00f3n del rector, sin olvidar la participaci\u00f3n coordinada y responsable con las autoridades en materia de fiscalizaci\u00f3n para que sancionen penalmente cuando se comprueben desv\u00edos de recursos.&nbsp;<\/p>\n\n\n\n<p>La reforma acad\u00e9mica debe considerar un mayor rendimiento en sus actividades docentes y de investigaci\u00f3n, incluyendo modificaciones a las formas en que se presta el servicio de educaci\u00f3n media superior para mejorar sustancialmente su funcionamiento.&nbsp;&nbsp;<\/p>\n\n\n\n<p>Mientras que la reforma administrativa-laboral propone un nuevo modelo que garantice altos perfiles de los servidores universitarios, austeridad y transparencia en la contrataci\u00f3n de servicios y administraci\u00f3n de los recursos materiales, simplificaci\u00f3n de tr\u00e1mites y procedimientos, revisi\u00f3n general de cargas de trabajo y sobre todo una renovaci\u00f3n del modelo de jubilaciones y pensiones.&nbsp;<\/p>\n\n\n\n<p>Con todo lo anterior hicieron el llamado a la comunidad universitaria a participar en la conformaci\u00f3n del observatorio, a fin de que aporten ideas que se traduzcan en el mejoramiento de la m\u00e1xima casa de estudios.&nbsp;<\/p>\n","protected":false},"excerpt":{"rendered":"<p>Evlin Arag\u00f3n\/Zona Roja. Oaxaca de Ju\u00e1rez, Oax., 17 de octubre de 2020.- Ante lo conflictos&hellip;<\/p>\n","protected":false},"author":2,"featured_media":18934,"comment_status":"closed","ping_status":"open","sticky":false,"template":"","format":"standard","meta":{"_lmt_disableupdate":"","_lmt_disable":"","_jetpack_memberships_contains_paid_content":false,"footnotes":""},"categories":[109,46],"tags":[282],"class_list":["post-18933","post","type-post","status-publish","format-standard","has-post-thumbnail","hentry","category-minuto-a-minuto","category-zona-blanca","tag-universidad-autonoma-benito-juarez-de-oaxaca"],"jetpack_featured_media_url":"https:\/\/zonaroja.com.mx\/wp-content\/uploads\/2020\/10\/UABJO-ciudad-Universitaria.jpg","jetpack_sharing_enabled":true,"_links":{"self":[{"href":"https:\/\/zonaroja.com.mx\/index.php?rest_route=\/wp\/v2\/posts\/18933","targetHints":{"allow":["GET"]}}],"collection":[{"href":"https:\/\/zonaroja.com.mx\/index.php?rest_route=\/wp\/v2\/posts"}],"about":[{"href":"https:\/\/zonaroja.com.mx\/index.php?rest_route=\/wp\/v2\/types\/post"}],"author":[{"embeddable":true,"href":"https:\/\/zonaroja.com.mx\/index.php?rest_route=\/wp\/v2\/users\/2"}],"replies":[{"embeddable":true,"href":"https:\/\/zonaroja.com.mx\/index.php?rest_route=%2Fwp%2Fv2%2Fcomments&post=18933"}],"version-history":[{"count":1,"href":"https:\/\/zonaroja.com.mx\/index.php?rest_route=\/wp\/v2\/posts\/18933\/revisions"}],"predecessor-version":[{"id":18935,"href":"https:\/\/zonaroja.com.mx\/index.php?rest_route=\/wp\/v2\/posts\/18933\/revisions\/18935"}],"wp:featuredmedia":[{"embeddable":true,"href":"https:\/\/zonaroja.com.mx\/index.php?rest_route=\/wp\/v2\/media\/18934"}],"wp:attachment":[{"href":"https:\/\/zonaroja.com.mx\/index.php?rest_route=%2Fwp%2Fv2%2Fmedia&parent=18933"}],"wp:term":[{"taxonomy":"category","embeddable":true,"href":"https:\/\/zonaroja.com.mx\/index.php?rest_route=%2Fwp%2Fv2%2Fcategories&post=18933"},{"taxonomy":"post_tag","embeddable":true,"href":"https:\/\/zonaroja.com.mx\/index.php?rest_route=%2Fwp%2Fv2%2Ftags&post=18933"}],"curies":[{"name":"wp","href":"https:\/\/api.w.org\/{rel}","templated":true}]}}