{"id":18940,"date":"2020-10-18T07:30:02","date_gmt":"2020-10-18T12:30:02","guid":{"rendered":"http:\/\/www.zonaroja.com.mx\/?p=18940"},"modified":"2020-10-18T07:30:05","modified_gmt":"2020-10-18T12:30:05","slug":"cumple-filo-40-anos-con-edicion-virtual-por-la-pandemia","status":"publish","type":"post","link":"https:\/\/zonaroja.com.mx\/?p=18940","title":{"rendered":"Cumple FILO 40 a\u00f1os\u2026 con edici\u00f3n virtual por la pandemia"},"content":{"rendered":"\n<p>Redacci\u00f3n\/Zona Roja.<\/p>\n\n\n\n<p>Oaxaca de Ju\u00e1rez, Oax., 18 de octubre de 2020.- La Feria Internacional del Libro de Oaxaca (FILO) cumpli\u00f3 40 a\u00f1os. Pero debido a la pandemia por Covid-19, las actividades de este a\u00f1o se realizan de manera virtual.<\/p>\n\n\n\n<p>Este s\u00e1bado fue la inauguraci\u00f3n, v\u00eda redes sociales, del encuentro literario en la entidad, que hasta el 30 de octubre ofrecer\u00e1 de manera virtual 170 actividades como presentaciones literarias, charlas, conciertos, talleres, obras de teatro entre otras, para p\u00fablicos de todas las edades.<\/p>\n\n\n\n<p>Vania Res\u00e9ndiz Cerna, presidenta de Fondo Ventura, asociaci\u00f3n civil organizadora de esta fiesta de las letras, ofreci\u00f3 un mensaje de bienvenida en que abord\u00f3 las motivaciones para celebrar la 40 FILO en un a\u00f1o tan complejo, entre otras, el cari\u00f1o de equipo organizador y p\u00fablico. \u201cEn estos momentos muchas veces genera incertidumbre, pero tambi\u00e9n puede provocar movimiento, acci\u00f3n, reflexi\u00f3n o pausa\u201d, expres\u00f3.<\/p>\n\n\n\n<p>Guillermo Quijas-Corzo L\u00f3pez, director general de la FILO, se\u00f1al\u00f3 tambi\u00e9n la pertinencia de realizar este festival al menos de forma virtual. \u201cHoy todos estamos preocupados por nuestra salud y la de nuestras familias, por la econom\u00eda, por la distancia tan grande que hay entre nosotros. Por ello creemos necesario imaginar mecanismos que nos permitan reencontrarnos. Los libros, la lectura y la cultura pueden ayudarnos a ello\u201d.<\/p>\n\n\n\n<p>\u201cEsta feria es ya parte del patrimonio cultural de las oaxaque\u00f1as y las oaxaque\u00f1as. En esta edici\u00f3n una vez m\u00e1s el mundo enfrenta grandes retos, pero tambi\u00e9n tenemos claro que ser\u00e1n las ideas y reflexiones las que nos permitan innovar en la nueva normalidad, la cultura es sin\u00f3nimo de conocimiento y ha sido el gran motor de desarrollo de la humanidad\u201d, dijo en un mensaje en video Alejandro Murat Hinojosa, gobernador de Oaxaca.<\/p>\n\n\n\n<p>Al finalizar el acto inaugural, se ofreci\u00f3 Conversaciones, un proyecto de Fondo Ventura para la 40 FILO, con la participaci\u00f3n de Selva Almada, Juan Pablo Villalobos y Cristina Rivera Garza, tres de las voces m\u00e1s relevantes de la literatura hispanoamericana actual. Las y el autor compartieron textos donde abordan la forma en que han asumido la escritura durante y despu\u00e9s del confinamiento. Desde sus respectivos espacios y contextos, narraron el desarrollo de su quehacer en medio de un presente a veces incierto.<\/p>\n\n\n\n<p>La 40 FILO se desarrollar\u00e1 hasta el 30 de octubre con actividades divididas en programas para atender de manera especializada a cada p\u00fablico de acuerdo a sus edades, ocupaciones e intereses. As\u00ed, se ofertar\u00e1n el Programa Literario, FILO J\u00f3venes, FILO Chamacos, Bebeteca FILO, Suena la FILO y Programa de Profesionales.&nbsp; La programaci\u00f3n completa se puede consultar en sus redes sociales y en la p\u00e1gina web <a href=\"http:\/\/www.filoaxaca.com\">www.filoaxaca.com<\/a>.<\/p>\n","protected":false},"excerpt":{"rendered":"<p>Redacci\u00f3n\/Zona Roja. Oaxaca de Ju\u00e1rez, Oax., 18 de octubre de 2020.- La Feria Internacional del&hellip;<\/p>\n","protected":false},"author":2,"featured_media":18941,"comment_status":"closed","ping_status":"open","sticky":false,"template":"","format":"standard","meta":{"_lmt_disableupdate":"","_lmt_disable":"","_jetpack_memberships_contains_paid_content":false,"footnotes":""},"categories":[109,46],"tags":[915],"class_list":["post-18940","post","type-post","status-publish","format-standard","has-post-thumbnail","hentry","category-minuto-a-minuto","category-zona-blanca","tag-feria-internacional-del-libro-de-oaxaca-filo"],"jetpack_featured_media_url":"https:\/\/zonaroja.com.mx\/wp-content\/uploads\/2020\/10\/40-FILO-logotipo.png","jetpack_sharing_enabled":true,"_links":{"self":[{"href":"https:\/\/zonaroja.com.mx\/index.php?rest_route=\/wp\/v2\/posts\/18940","targetHints":{"allow":["GET"]}}],"collection":[{"href":"https:\/\/zonaroja.com.mx\/index.php?rest_route=\/wp\/v2\/posts"}],"about":[{"href":"https:\/\/zonaroja.com.mx\/index.php?rest_route=\/wp\/v2\/types\/post"}],"author":[{"embeddable":true,"href":"https:\/\/zonaroja.com.mx\/index.php?rest_route=\/wp\/v2\/users\/2"}],"replies":[{"embeddable":true,"href":"https:\/\/zonaroja.com.mx\/index.php?rest_route=%2Fwp%2Fv2%2Fcomments&post=18940"}],"version-history":[{"count":1,"href":"https:\/\/zonaroja.com.mx\/index.php?rest_route=\/wp\/v2\/posts\/18940\/revisions"}],"predecessor-version":[{"id":18942,"href":"https:\/\/zonaroja.com.mx\/index.php?rest_route=\/wp\/v2\/posts\/18940\/revisions\/18942"}],"wp:featuredmedia":[{"embeddable":true,"href":"https:\/\/zonaroja.com.mx\/index.php?rest_route=\/wp\/v2\/media\/18941"}],"wp:attachment":[{"href":"https:\/\/zonaroja.com.mx\/index.php?rest_route=%2Fwp%2Fv2%2Fmedia&parent=18940"}],"wp:term":[{"taxonomy":"category","embeddable":true,"href":"https:\/\/zonaroja.com.mx\/index.php?rest_route=%2Fwp%2Fv2%2Fcategories&post=18940"},{"taxonomy":"post_tag","embeddable":true,"href":"https:\/\/zonaroja.com.mx\/index.php?rest_route=%2Fwp%2Fv2%2Ftags&post=18940"}],"curies":[{"name":"wp","href":"https:\/\/api.w.org\/{rel}","templated":true}]}}