{"id":18948,"date":"2020-10-18T07:55:16","date_gmt":"2020-10-18T12:55:16","guid":{"rendered":"http:\/\/www.zonaroja.com.mx\/?p=18948"},"modified":"2020-10-18T14:02:38","modified_gmt":"2020-10-18T19:02:38","slug":"no-pudieron-sobrevivir-a-la-pandemia-19-restaurantes-en-oaxaca","status":"publish","type":"post","link":"https:\/\/zonaroja.com.mx\/?p=18948","title":{"rendered":"No pudieron sobrevivir a la pandemia, 19 restaurantes en Oaxaca"},"content":{"rendered":"\n<p>Yuridiana Sosa\/Zona Roja.<\/p>\n\n\n\n<p>Oaxaca de Ju\u00e1rez, Oax., 18 de octubre de 2020.- En medio de la contingencia por Covid-19, a casi siete meses de declarada en M\u00e9xico, al menos 19 establecimientos adheridos a la C\u00e1mara Nacional de la Industria Restaurantera y de Alimentos Condimentados (Canirac) en la capital del estado, no resistieron la crisis econ\u00f3mica y cerraron de forma indefinida.<\/p>\n\n\n\n<p>El presidente de la Canirac, Fernando Mart\u00edn Sedano, se\u00f1al\u00f3 que la industria restaurantera lucha contra la precaria situaci\u00f3n econ\u00f3mica para sobrevivir al a\u00f1o 2020 con el menor de los estragos posibles.<\/p>\n\n\n\n<p>Sin actividades tur\u00edsticas y culturales de las magnitudes habituales, el mercado se limita para el sector, lo cual ha impactado en los horarios para ofrecer sus servicios y recortes de personal al 50 por ciento, indic\u00f3 en entrevista.<\/p>\n\n\n\n<p>En el mes de agosto, dijo, cuando se registr\u00f3 una aparente reducci\u00f3n en contagios de Covid, los restauranteros consideraron que para el mes de noviembre habr\u00eda condiciones para reactivar al sector con la festividad de D\u00eda de Muertos, las cuales de forma p\u00fablica ya quedaron suspendidas.<\/p>\n\n\n\n<figure class=\"wp-block-embed-twitter wp-block-embed is-type-rich is-provider-twitter\"><div class=\"wp-block-embed__wrapper\">\n<div class=\"twitter-tweet\"><blockquote class=\"twitter-tweet\" data-lang=\"es\"><p lang=\"es\" dir=\"ltr\">V\u00edctimas de la pandemia por Covid, al menos 19 restaurantes han cerrado sus puertas en <a href=\"https:\/\/twitter.com\/hashtag\/Oaxaca?src=hash&amp;ref_src=twsrc%5Etfw\">#Oaxaca<\/a>, inform\u00f3 el presidente de la Canirac Oaxaca, Fernando Mart\u00edn Sedano; prev\u00e9n m\u00e1s p\u00e9rdidas ante cancelaci\u00f3n de fiestas de D\u00eda de Muertos. <a href=\"https:\/\/t.co\/OqF4yGZHBU\">pic.twitter.com\/OqF4yGZHBU<\/a><\/p>&mdash; Zona Roja Oaxaca (@MexRoja) <a href=\"https:\/\/twitter.com\/MexRoja\/status\/1317849903176056832?ref_src=twsrc%5Etfw\">18 de octubre de 2020<\/a><\/blockquote><\/div>\n<\/div><\/figure>\n\n\n\n<p>Mart\u00edn Sedano lament\u00f3 que la entidad haya retrocedido en el sem\u00e1foro epidemiol\u00f3gico y que en la capital sean cada vez mayores los contagios, pues bajo este escenario es imposible generar ingresos por arriba de los registrados en meses anteriores.<\/p>\n\n\n\n<p>Sin embargo, en el \u00e1nimo de mantener de salir adelante en la crisis los restauranteros adornar\u00e1n sus establecimientos durante la temporada de Muertos para invitar a la poblaci\u00f3n a visitarlos.<\/p>\n\n\n\n<p>El representante del sector indic\u00f3 que cumplen con las medidas sanitarias necesarias para evitar la propagaci\u00f3n del virus en sus clientes y entre sus empleados.<\/p>\n\n\n\n<p>En tanto, llam\u00f3 a los diputados locales que antes de aprobar el presupuesto 2021 para el sector tur\u00edstico se re\u00fanan con los integrantes de este gremio productivo a fin de que conozcan las necesidades.<\/p>\n","protected":false},"excerpt":{"rendered":"<p>Yuridiana Sosa\/Zona Roja. Oaxaca de Ju\u00e1rez, Oax., 18 de octubre de 2020.- En medio de&hellip;<\/p>\n","protected":false},"author":2,"featured_media":18949,"comment_status":"closed","ping_status":"open","sticky":false,"template":"","format":"standard","meta":{"_lmt_disableupdate":"","_lmt_disable":"","_jetpack_memberships_contains_paid_content":false,"footnotes":""},"categories":[109,47],"tags":[1512,2116],"class_list":["post-18948","post","type-post","status-publish","format-standard","has-post-thumbnail","hentry","category-minuto-a-minuto","category-zona-gris","tag-coronavirus-oaxaca","tag-fernando-martin-sedano"],"jetpack_featured_media_url":"https:\/\/zonaroja.com.mx\/wp-content\/uploads\/2020\/10\/Fernando-Martin-Sedano.jpg","jetpack_sharing_enabled":true,"_links":{"self":[{"href":"https:\/\/zonaroja.com.mx\/index.php?rest_route=\/wp\/v2\/posts\/18948","targetHints":{"allow":["GET"]}}],"collection":[{"href":"https:\/\/zonaroja.com.mx\/index.php?rest_route=\/wp\/v2\/posts"}],"about":[{"href":"https:\/\/zonaroja.com.mx\/index.php?rest_route=\/wp\/v2\/types\/post"}],"author":[{"embeddable":true,"href":"https:\/\/zonaroja.com.mx\/index.php?rest_route=\/wp\/v2\/users\/2"}],"replies":[{"embeddable":true,"href":"https:\/\/zonaroja.com.mx\/index.php?rest_route=%2Fwp%2Fv2%2Fcomments&post=18948"}],"version-history":[{"count":2,"href":"https:\/\/zonaroja.com.mx\/index.php?rest_route=\/wp\/v2\/posts\/18948\/revisions"}],"predecessor-version":[{"id":18955,"href":"https:\/\/zonaroja.com.mx\/index.php?rest_route=\/wp\/v2\/posts\/18948\/revisions\/18955"}],"wp:featuredmedia":[{"embeddable":true,"href":"https:\/\/zonaroja.com.mx\/index.php?rest_route=\/wp\/v2\/media\/18949"}],"wp:attachment":[{"href":"https:\/\/zonaroja.com.mx\/index.php?rest_route=%2Fwp%2Fv2%2Fmedia&parent=18948"}],"wp:term":[{"taxonomy":"category","embeddable":true,"href":"https:\/\/zonaroja.com.mx\/index.php?rest_route=%2Fwp%2Fv2%2Fcategories&post=18948"},{"taxonomy":"post_tag","embeddable":true,"href":"https:\/\/zonaroja.com.mx\/index.php?rest_route=%2Fwp%2Fv2%2Ftags&post=18948"}],"curies":[{"name":"wp","href":"https:\/\/api.w.org\/{rel}","templated":true}]}}