{"id":18951,"date":"2020-10-18T13:38:50","date_gmt":"2020-10-18T18:38:50","guid":{"rendered":"http:\/\/www.zonaroja.com.mx\/?p=18951"},"modified":"2020-10-18T13:38:53","modified_gmt":"2020-10-18T18:38:53","slug":"normalistas-llevan-cuatro-dias-de-bloqueos-en-oaxaca-sin-atencion-del-ieepo","status":"publish","type":"post","link":"https:\/\/zonaroja.com.mx\/?p=18951","title":{"rendered":"Normalistas llevan cuatro d\u00edas de bloqueos en Oaxaca, sin atenci\u00f3n del IEEPO"},"content":{"rendered":"\n<p>Yuridiana Sosa\/Zona Roja.<\/p>\n\n\n\n<p>Oaxaca de Ju\u00e1rez, Oax., 18 de octubre de 2020.- Estudiantes normalistas de Oaxaca contin\u00faan por cuarto d\u00eda consecutivo con el bloqueo de la calle frente al edificio de la Secci\u00f3n 22 del SNTE, en el Centro Hist\u00f3rico de la capital, para exigir al IEEPO clases presenciales.<\/p>\n\n\n\n<p>Los alumnos se han negado a iniciar el ciclo escolar por considerar que no existen las condiciones igualitarias para que todos los estudiantes cursen en l\u00ednea el semestre, por lo que pesar del alto n\u00famero de contagios de Covid-19 en la entidad, insisten en recibir clases en las aulas.<\/p>\n\n\n\n<p>Esta semana los j\u00f3venes del Centro Regional de Educaci\u00f3n Normal de Oaxaca (CRENO) retomaron una jornada de movilizaciones, en la que exigen a la Secci\u00f3n 22 del Sindicato Nacional de Trabajadores de la Educaci\u00f3n (SNTE) apoyo para presionar al Instituto Estatal de Educaci\u00f3n P\u00fablica a cumplir su demanda.<\/p>\n\n\n\n<p>Sin embargo, en distintas ocasiones la gremial se ha pronunciado en contra de un regreso a clases de forma presencial, por lo que a pesar de su inconformidad con el m\u00e9todo de clases a distancia o en l\u00ednea comenzaron el ciclo escolar.<\/p>\n\n\n\n<p>Los estudiantes que se han movilizado pertenecen al CRENO, a la Escuela Normal Biling\u00fce e Intercultural de Oaxaca (ENBIO), Escuela Normal de Educaci\u00f3n Especial de Oaxaca (ENEE), y el viernes marcharon de la fuente de las Ocho Regiones, en la colonia Reforma, al edificio del sindicato de maestros.<\/p>\n\n\n\n<p>Este fin de semana, una representaci\u00f3n contin\u00faa con su bloqueo en el centro de la ciudad y este lunes prev\u00e9n reanudar sus manifestaciones.<\/p>\n","protected":false},"excerpt":{"rendered":"<p>Yuridiana Sosa\/Zona Roja. Oaxaca de Ju\u00e1rez, Oax., 18 de octubre de 2020.- Estudiantes normalistas de&hellip;<\/p>\n","protected":false},"author":2,"featured_media":18952,"comment_status":"closed","ping_status":"open","sticky":false,"template":"","format":"standard","meta":{"_lmt_disableupdate":"","_lmt_disable":"","_jetpack_memberships_contains_paid_content":false,"footnotes":""},"categories":[109,47],"tags":[599],"class_list":["post-18951","post","type-post","status-publish","format-standard","has-post-thumbnail","hentry","category-minuto-a-minuto","category-zona-gris","tag-instituto-estatal-de-educacion-publica-de-oaxaca"],"jetpack_featured_media_url":"https:\/\/zonaroja.com.mx\/wp-content\/uploads\/2020\/10\/Bloqueo-CRENO.jpg","jetpack_sharing_enabled":true,"_links":{"self":[{"href":"https:\/\/zonaroja.com.mx\/index.php?rest_route=\/wp\/v2\/posts\/18951","targetHints":{"allow":["GET"]}}],"collection":[{"href":"https:\/\/zonaroja.com.mx\/index.php?rest_route=\/wp\/v2\/posts"}],"about":[{"href":"https:\/\/zonaroja.com.mx\/index.php?rest_route=\/wp\/v2\/types\/post"}],"author":[{"embeddable":true,"href":"https:\/\/zonaroja.com.mx\/index.php?rest_route=\/wp\/v2\/users\/2"}],"replies":[{"embeddable":true,"href":"https:\/\/zonaroja.com.mx\/index.php?rest_route=%2Fwp%2Fv2%2Fcomments&post=18951"}],"version-history":[{"count":1,"href":"https:\/\/zonaroja.com.mx\/index.php?rest_route=\/wp\/v2\/posts\/18951\/revisions"}],"predecessor-version":[{"id":18953,"href":"https:\/\/zonaroja.com.mx\/index.php?rest_route=\/wp\/v2\/posts\/18951\/revisions\/18953"}],"wp:featuredmedia":[{"embeddable":true,"href":"https:\/\/zonaroja.com.mx\/index.php?rest_route=\/wp\/v2\/media\/18952"}],"wp:attachment":[{"href":"https:\/\/zonaroja.com.mx\/index.php?rest_route=%2Fwp%2Fv2%2Fmedia&parent=18951"}],"wp:term":[{"taxonomy":"category","embeddable":true,"href":"https:\/\/zonaroja.com.mx\/index.php?rest_route=%2Fwp%2Fv2%2Fcategories&post=18951"},{"taxonomy":"post_tag","embeddable":true,"href":"https:\/\/zonaroja.com.mx\/index.php?rest_route=%2Fwp%2Fv2%2Ftags&post=18951"}],"curies":[{"name":"wp","href":"https:\/\/api.w.org\/{rel}","templated":true}]}}