{"id":18965,"date":"2020-10-18T19:41:32","date_gmt":"2020-10-19T00:41:32","guid":{"rendered":"http:\/\/www.zonaroja.com.mx\/?p=18965"},"modified":"2020-10-18T19:41:36","modified_gmt":"2020-10-19T00:41:36","slug":"identifican-a-persona-que-fallecio-hoy-atropellada-por-una-motocicleta","status":"publish","type":"post","link":"https:\/\/zonaroja.com.mx\/?p=18965","title":{"rendered":"Identifican a persona que falleci\u00f3 hoy, atropellada por una motocicleta"},"content":{"rendered":"\n<p>Redacci\u00f3n\/Zona Roja.<\/p>\n\n\n\n<p>Oaxaca de Ju\u00e1rez, Oax., 18 de octubre de 2020.- Como Carlos, de 65 a\u00f1os de edad, fue identificada la persona que perdi\u00f3 la vida tras ser arrollado por una motocicleta, que conduc\u00eda Juan de la C. M. D., de 29 a\u00f1os de edad, quien result\u00f3 lesionado.<\/p>\n\n\n\n<p>Los hechos sucedieron alrededor de las 08:00 horas de este domingo sobre la carretera federal 175, Oaxaca-Puerto \u00c1ngel, casi a la altura del crucero de La Experimental, San Antonio de la Cal, al sur de la capital.<\/p>\n\n\n\n<p>Juan conduc\u00eda presuntamente a alta velocidad su motocicleta marca Suzuki con placas del estado, cuando atravesaba la vialidad el hoy occiso, quien muri\u00f3 al instante.<\/p>\n\n\n\n<p>Mientras tanto, el conductor de la unidad de motor, fue atendido por la Cruz Roja Oaxaca y trasladado a un hospital de la ciudad capital, pero en calidad de detenido, mientras se investigan los hechos.<\/p>\n\n\n\n<figure class=\"wp-block-embed-twitter wp-block-embed is-type-rich is-provider-twitter\"><div class=\"wp-block-embed__wrapper\">\n<div class=\"twitter-tweet\"><blockquote class=\"twitter-tweet\" data-lang=\"es\"><p lang=\"es\" dir=\"ltr\"><a href=\"https:\/\/twitter.com\/hashtag\/%C3%9AltimoMinuto?src=hash&amp;ref_src=twsrc%5Etfw\">#\u00daltimoMinuto<\/a> <br>Una persona fallecida y otra lesionada es el saldo de un percance vehicular ocurrido este domingo en la carretera federal 175 <a href=\"https:\/\/twitter.com\/hashtag\/Oaxaca?src=hash&amp;ref_src=twsrc%5Etfw\">#Oaxaca<\/a>-Puerto \u00c1ngel, casi en el crucero a la agencia de La Experimental, San Antonio de la Cal. <a href=\"https:\/\/t.co\/hWpvXl37Mv\">pic.twitter.com\/hWpvXl37Mv<\/a><\/p>&mdash; Zona Roja Oaxaca (@MexRoja) <a href=\"https:\/\/twitter.com\/MexRoja\/status\/1317834533010608128?ref_src=twsrc%5Etfw\">18 de octubre de 2020<\/a><\/blockquote><\/div>\n<\/div><\/figure>\n\n\n\n<p>OTRO POR ACCIDENTE<\/p>\n\n\n\n<p>Por otra parte, el pasado viernes a las 15:25 horas ocurri\u00f3 otro percance, en el bulevar Eduardo Vasconcelos de la ciudad de Oaxaca, en que falleci\u00f3 el paciente de la ambulancia impactada, identificada como Florencia Mendoza S\u00e1nchez.<\/p>\n\n\n\n<p>La mujer de 82 a\u00f1os de edad proven\u00eda de Santa Mar\u00eda Coyotepec, al sur de la capital, y era trasladada por la unidad de esa localidad hacia el hospital civil \u201cDr. Aurelio Valdiveso\u201d.<\/p>\n\n\n\n<p>Sin embargo, fue impactada por un cami\u00f3n de carga, marca Volkswagen, con placas de circulaci\u00f3n RY-07176; otras tres personas de la ambulancia resultaron lesionadas, Michel Sim\u00f3n Z\u00e1rate, de 21 a\u00f1os; Joaqu\u00edn Revueltas, de 37 a\u00f1os y Uriel Pablo Arag\u00f3n, 26 a\u00f1os.<\/p>\n","protected":false},"excerpt":{"rendered":"<p>Redacci\u00f3n\/Zona Roja. Oaxaca de Ju\u00e1rez, Oax., 18 de octubre de 2020.- Como Carlos, de 65&hellip;<\/p>\n","protected":false},"author":2,"featured_media":18966,"comment_status":"closed","ping_status":"open","sticky":false,"template":"","format":"standard","meta":{"_lmt_disableupdate":"","_lmt_disable":"","_jetpack_memberships_contains_paid_content":false,"footnotes":""},"categories":[109,47],"tags":[2118],"class_list":["post-18965","post","type-post","status-publish","format-standard","has-post-thumbnail","hentry","category-minuto-a-minuto","category-zona-gris","tag-accidente-crucero-la-experimental"],"jetpack_featured_media_url":"https:\/\/zonaroja.com.mx\/wp-content\/uploads\/2020\/10\/Atropellado-La-Experimental.jpg","jetpack_sharing_enabled":true,"_links":{"self":[{"href":"https:\/\/zonaroja.com.mx\/index.php?rest_route=\/wp\/v2\/posts\/18965","targetHints":{"allow":["GET"]}}],"collection":[{"href":"https:\/\/zonaroja.com.mx\/index.php?rest_route=\/wp\/v2\/posts"}],"about":[{"href":"https:\/\/zonaroja.com.mx\/index.php?rest_route=\/wp\/v2\/types\/post"}],"author":[{"embeddable":true,"href":"https:\/\/zonaroja.com.mx\/index.php?rest_route=\/wp\/v2\/users\/2"}],"replies":[{"embeddable":true,"href":"https:\/\/zonaroja.com.mx\/index.php?rest_route=%2Fwp%2Fv2%2Fcomments&post=18965"}],"version-history":[{"count":1,"href":"https:\/\/zonaroja.com.mx\/index.php?rest_route=\/wp\/v2\/posts\/18965\/revisions"}],"predecessor-version":[{"id":18967,"href":"https:\/\/zonaroja.com.mx\/index.php?rest_route=\/wp\/v2\/posts\/18965\/revisions\/18967"}],"wp:featuredmedia":[{"embeddable":true,"href":"https:\/\/zonaroja.com.mx\/index.php?rest_route=\/wp\/v2\/media\/18966"}],"wp:attachment":[{"href":"https:\/\/zonaroja.com.mx\/index.php?rest_route=%2Fwp%2Fv2%2Fmedia&parent=18965"}],"wp:term":[{"taxonomy":"category","embeddable":true,"href":"https:\/\/zonaroja.com.mx\/index.php?rest_route=%2Fwp%2Fv2%2Fcategories&post=18965"},{"taxonomy":"post_tag","embeddable":true,"href":"https:\/\/zonaroja.com.mx\/index.php?rest_route=%2Fwp%2Fv2%2Ftags&post=18965"}],"curies":[{"name":"wp","href":"https:\/\/api.w.org\/{rel}","templated":true}]}}