{"id":18968,"date":"2020-10-18T21:21:51","date_gmt":"2020-10-19T02:21:51","guid":{"rendered":"http:\/\/www.zonaroja.com.mx\/?p=18968"},"modified":"2020-10-18T21:21:57","modified_gmt":"2020-10-19T02:21:57","slug":"suma-oaxaca-en-primera-semana-de-semaforo-naranja-928-casos-de-covid","status":"publish","type":"post","link":"https:\/\/zonaroja.com.mx\/?p=18968","title":{"rendered":"Suma Oaxaca en primera semana de sem\u00e1foro naranja, 928 casos de Covid"},"content":{"rendered":"\n<p>Redacci\u00f3n\/Zona Roja.<\/p>\n\n\n\n<p>Oaxaca de Ju\u00e1rez, Oax., 18 de octubre de 2020.- La primera semana de retorno al sem\u00e1foro epidemiol\u00f3gico naranja, Oaxaca registr\u00f3 60 fallecimientos por Covid-19, as\u00ed como 928 casos positivos; en este \u00faltimo caso, el promedio diario fue de 132.5 contagiados.<\/p>\n\n\n\n<p>Este domingo, a trav\u00e9s de un video, el gobernador Alejandro Murat Hinojosa acept\u00f3 que la entidad registra un rebrote y anunci\u00f3 que quedan suspendidas todas las actividades p\u00fablicas por el D\u00eda de Muertos y Todos Santos.<\/p>\n\n\n\n<p>En tanto, la dependencia Servicios de Salud de Oaxaca (SSO) llam\u00f3 a tomar conciencia colectiva y reducir la movilidad, as\u00ed como quedarse en casa si es posible para no poner en riesgo a los sectores m\u00e1s vulnerables a la infecci\u00f3n de Covid.<\/p>\n\n\n\n<p>As\u00ed lo indic\u00f3 el secretario de Salud, Donato Casas Escamilla, al dar el informe t\u00e9cnico epidemiol\u00f3gico de este 18 de octubre, en el cual expuso que la entidad ya registra 19 mil 831 casos y mil 571 muertes a causa del coronavirus, tras confirmarse 87 nuevos contagios y dos fallecimientos m\u00e1s en el \u00faltimo corte.<\/p>\n\n\n\n<p>As\u00ed tambi\u00e9n, el sector Salud contabiliz\u00f3 794 casos activos en 103 municipios, adem\u00e1s de 17 mil 418 personas recuperadas, cifra que representa el 87.8% del total de pacientes contagiados.<\/p>\n\n\n\n<figure class=\"wp-block-embed-twitter wp-block-embed is-type-rich is-provider-twitter\"><div class=\"wp-block-embed__wrapper\">\n<div class=\"twitter-tweet\"><blockquote class=\"twitter-tweet\" data-lang=\"es\"><p lang=\"es\" dir=\"ltr\">Al corte de hoy domingo 18 de octubre, 37 municipios de <a href=\"https:\/\/twitter.com\/hashtag\/Oaxaca?src=hash&amp;ref_src=twsrc%5Etfw\">#Oaxaca<\/a> registraron casos positivos nuevos de <a href=\"https:\/\/twitter.com\/hashtag\/COVID19?src=hash&amp;ref_src=twsrc%5Etfw\">#COVID19<\/a>. <a href=\"https:\/\/t.co\/RvlX0gQDVG\">pic.twitter.com\/RvlX0gQDVG<\/a><\/p>&mdash; Servicios de Salud (@SSO_GobOax) <a href=\"https:\/\/twitter.com\/SSO_GobOax\/status\/1317994054748114949?ref_src=twsrc%5Etfw\">19 de octubre de 2020<\/a><\/blockquote><\/div>\n<\/div><\/figure>\n\n\n\n<p>Mencion\u00f3 que hoy se reportaron 37 localidades con diagn\u00f3sticos nuevos, entre los que destacan Oaxaca de Ju\u00e1rez con 22 casos, Santa Luc\u00eda del Camino con siete, Santa Cruz Xoxocotl\u00e1n y San Jacinto Amilpas con cinco.<\/p>\n\n\n\n<p>Especific\u00f3 que la Jurisdicci\u00f3n Sanitaria de Valles Centrales notific\u00f3 un acumulado de 13 mil 203 positivos y 784 fallecimientos; Istmo mil 927 y 291 muertes; Tuxtepec mil 818 y 245 v\u00edctimas fatales; Mixteca mil 392 y 121 decesos; Costa 988 y 82 defunciones; Sierra 508 y 48 fallecimientos.<\/p>\n\n\n\n<p>Casas Escamilla lament\u00f3 que, del total de casos confirmados, 881 son m\u00e9dicos, mil 162 corresponden a personal de enfermer\u00eda y 873 a personal de otras \u00e1reas relacionadas con la atenci\u00f3n a la salud.<\/p>\n\n\n\n<p>Asimismo, respecto a la atenci\u00f3n m\u00e9dica el d\u00eda de hoy la red hospitalaria de COVID-19 present\u00f3 el 37.9% de ocupaci\u00f3n de camas.<\/p>\n\n\n\n<p>Agreg\u00f3 que, de los 19 mil 831 casos que se han reportado desde el inici\u00f3 la pandemia en la entidad, tres mil 927 han requerido hospitalizaci\u00f3n, cifra que representa el 20% del total de personas que han adquirido la enfermedad.<\/p>\n\n\n\n<p>Finalmente, precis\u00f3 que los municipios con pacientes que enfermaron en los \u00faltimos 14 d\u00edas y que pueden transmitir el virus a otras personas, se concentran principalmente en Oaxaca de Ju\u00e1rez con 249 casos, Santa Cruz Xoxocotl\u00e1n con 58, Santa Luc\u00eda del camino con 51, y Heroica Cuidad de Huajuapan de Le\u00f3n con 25, por mencionar algunos.<\/p>\n","protected":false},"excerpt":{"rendered":"<p>Redacci\u00f3n\/Zona Roja. Oaxaca de Ju\u00e1rez, Oax., 18 de octubre de 2020.- La primera semana de&hellip;<\/p>\n","protected":false},"author":2,"featured_media":18969,"comment_status":"closed","ping_status":"open","sticky":false,"template":"","format":"standard","meta":{"_lmt_disableupdate":"","_lmt_disable":"","_jetpack_memberships_contains_paid_content":false,"footnotes":""},"categories":[109,47],"tags":[1512],"class_list":["post-18968","post","type-post","status-publish","format-standard","has-post-thumbnail","hentry","category-minuto-a-minuto","category-zona-gris","tag-coronavirus-oaxaca"],"jetpack_featured_media_url":"https:\/\/zonaroja.com.mx\/wp-content\/uploads\/2020\/10\/SSO-1-6.jpeg","jetpack_sharing_enabled":true,"_links":{"self":[{"href":"https:\/\/zonaroja.com.mx\/index.php?rest_route=\/wp\/v2\/posts\/18968","targetHints":{"allow":["GET"]}}],"collection":[{"href":"https:\/\/zonaroja.com.mx\/index.php?rest_route=\/wp\/v2\/posts"}],"about":[{"href":"https:\/\/zonaroja.com.mx\/index.php?rest_route=\/wp\/v2\/types\/post"}],"author":[{"embeddable":true,"href":"https:\/\/zonaroja.com.mx\/index.php?rest_route=\/wp\/v2\/users\/2"}],"replies":[{"embeddable":true,"href":"https:\/\/zonaroja.com.mx\/index.php?rest_route=%2Fwp%2Fv2%2Fcomments&post=18968"}],"version-history":[{"count":1,"href":"https:\/\/zonaroja.com.mx\/index.php?rest_route=\/wp\/v2\/posts\/18968\/revisions"}],"predecessor-version":[{"id":18970,"href":"https:\/\/zonaroja.com.mx\/index.php?rest_route=\/wp\/v2\/posts\/18968\/revisions\/18970"}],"wp:featuredmedia":[{"embeddable":true,"href":"https:\/\/zonaroja.com.mx\/index.php?rest_route=\/wp\/v2\/media\/18969"}],"wp:attachment":[{"href":"https:\/\/zonaroja.com.mx\/index.php?rest_route=%2Fwp%2Fv2%2Fmedia&parent=18968"}],"wp:term":[{"taxonomy":"category","embeddable":true,"href":"https:\/\/zonaroja.com.mx\/index.php?rest_route=%2Fwp%2Fv2%2Fcategories&post=18968"},{"taxonomy":"post_tag","embeddable":true,"href":"https:\/\/zonaroja.com.mx\/index.php?rest_route=%2Fwp%2Fv2%2Ftags&post=18968"}],"curies":[{"name":"wp","href":"https:\/\/api.w.org\/{rel}","templated":true}]}}