{"id":18971,"date":"2020-10-19T09:04:33","date_gmt":"2020-10-19T14:04:33","guid":{"rendered":"http:\/\/www.zonaroja.com.mx\/?p=18971"},"modified":"2020-10-19T09:58:32","modified_gmt":"2020-10-19T14:58:32","slug":"se-unen-multi-y-el-ubisort-contra-el-mult-por-asesinato-de-militante","status":"publish","type":"post","link":"https:\/\/zonaroja.com.mx\/?p=18971","title":{"rendered":"Se unen MULTI y el Ubisort contra el MULT por asesinato de militante"},"content":{"rendered":"\n<p>Evlin Arag\u00f3n\/Zona Roja.<\/p>\n\n\n\n<p>Oaxaca de Ju\u00e1rez, Oax., 19 de octubre de 2020.- Al menos siete agentes municipales, militantes de la Unidad de Bienestar Social de la Regi\u00f3n Triqui (Ubisort) y del Movimiento de Unificaci\u00f3n y Lucha Triqui-Independiente (MULTI) se unieron para exigir justicia por el crimen de Epifanio de Jes\u00fas Mart\u00ednez, y acusar que fue gente del MULT la que cometi\u00f3 el asesinato.<\/p>\n\n\n\n<p>\u201cInformamos al Gobierno del Estado que por acuerdo, realizaremos bloqueos carreteros en la regi\u00f3n hasta que las autoridades entreguen al responsable material. As\u00ed mismo, informamos que no permitiremos la intervenci\u00f3n de personas ajenas a este crimen\u201d, refieren en un comunicado.&nbsp;<\/p>\n\n\n\n<p>El documento fue firmado por los representantes de La Cumbre Yerbasanta, Guadalupe Tilapa, La Sabana, Yutazan\u00ed, El Diamante, Yosoyuxi y Ojo de Agua Copala, quienes pidieron la intervenci\u00f3n de las autoridades de la Fiscal\u00eda General del Estado y la Secretar\u00eda General de Gobierno, a fin de sancionar al responsable y evitar un nuevo enfrentamiento en la zona.<\/p>\n\n\n\n<p>Los hechos ocurrieron la tarde del13 de octubre, en el paraje conocido como \u201cLoma de Cuervo\u201d, perteneciente a la comunidad El Diamante, en donde fue atacado con arma de fuego Epifanio de Jes\u00fas, quien falleci\u00f3 dos d\u00edas despu\u00e9s en el Hospital General de Santiago Juxtlahuaca.&nbsp;<\/p>\n\n\n\n<p>\u201cNuestro compa\u00f1ero era conocido por ser una persona honesta, leal, trabajadora, que se dedicaba a su familia, pero, sobre todo, que apostaba siempre por la unidad entre los pueblos y por la paz de los mismos, quienes lo conocimos lo afirmamos categ\u00f3ricamente, de esto se desprende que no era persona de problemas, por tanto, ni pudiera darse alg\u00fan motivo para su artero asesinato\u201d, aseguraron.&nbsp;<\/p>\n\n\n\n<p>Del crimen, responsabilizaron a un militante del Movimiento de Unificaci\u00f3n y Lucha Triqui (MULT) a quien tienen plenamente identificado, por lo que pidieron a la Fiscal\u00eda, que encabeza Rub\u00e9n Vasconcelos M\u00e9ndez, ejecute la orden de aprensi\u00f3n en contra del autor material del homicidio.<\/p>\n\n\n\n<p>As\u00ed mismo, hicieron un llamado a la Secretar\u00eda General de Gobierno, para que convoque a las reuniones necesarias que eviten que este hecho genere un clima de inestabilidad en la regi\u00f3n triqui, ya de por s\u00ed azotada por la violencia.<\/p>\n\n\n\n<p>Tambi\u00e9n, pidieron al gobernador de Oaxaca, Alejandro Murat Hinojosa, el apoyo para los hijos de Epifanio que se quedaron hu\u00e9rfanos y sin el sost\u00e9n econ\u00f3mico que les permita garantizar su derecho a la alimentaci\u00f3n, salud y educaci\u00f3n como lo marcan las leyes locales y federales.&nbsp;<\/p>\n","protected":false},"excerpt":{"rendered":"<p>Evlin Arag\u00f3n\/Zona Roja. Oaxaca de Ju\u00e1rez, Oax., 19 de octubre de 2020.- Al menos siete&hellip;<\/p>\n","protected":false},"author":2,"featured_media":18972,"comment_status":"closed","ping_status":"open","sticky":false,"template":"","format":"standard","meta":{"_lmt_disableupdate":"","_lmt_disable":"","_jetpack_memberships_contains_paid_content":false,"footnotes":""},"categories":[109,47],"tags":[732],"class_list":["post-18971","post","type-post","status-publish","format-standard","has-post-thumbnail","hentry","category-minuto-a-minuto","category-zona-gris","tag-movimiento-de-unificacion-y-lucha-triqui"],"jetpack_featured_media_url":"https:\/\/zonaroja.com.mx\/wp-content\/uploads\/2020\/10\/Ubisort-y-MULTI.jpg","jetpack_sharing_enabled":true,"_links":{"self":[{"href":"https:\/\/zonaroja.com.mx\/index.php?rest_route=\/wp\/v2\/posts\/18971","targetHints":{"allow":["GET"]}}],"collection":[{"href":"https:\/\/zonaroja.com.mx\/index.php?rest_route=\/wp\/v2\/posts"}],"about":[{"href":"https:\/\/zonaroja.com.mx\/index.php?rest_route=\/wp\/v2\/types\/post"}],"author":[{"embeddable":true,"href":"https:\/\/zonaroja.com.mx\/index.php?rest_route=\/wp\/v2\/users\/2"}],"replies":[{"embeddable":true,"href":"https:\/\/zonaroja.com.mx\/index.php?rest_route=%2Fwp%2Fv2%2Fcomments&post=18971"}],"version-history":[{"count":2,"href":"https:\/\/zonaroja.com.mx\/index.php?rest_route=\/wp\/v2\/posts\/18971\/revisions"}],"predecessor-version":[{"id":18989,"href":"https:\/\/zonaroja.com.mx\/index.php?rest_route=\/wp\/v2\/posts\/18971\/revisions\/18989"}],"wp:featuredmedia":[{"embeddable":true,"href":"https:\/\/zonaroja.com.mx\/index.php?rest_route=\/wp\/v2\/media\/18972"}],"wp:attachment":[{"href":"https:\/\/zonaroja.com.mx\/index.php?rest_route=%2Fwp%2Fv2%2Fmedia&parent=18971"}],"wp:term":[{"taxonomy":"category","embeddable":true,"href":"https:\/\/zonaroja.com.mx\/index.php?rest_route=%2Fwp%2Fv2%2Fcategories&post=18971"},{"taxonomy":"post_tag","embeddable":true,"href":"https:\/\/zonaroja.com.mx\/index.php?rest_route=%2Fwp%2Fv2%2Ftags&post=18971"}],"curies":[{"name":"wp","href":"https:\/\/api.w.org\/{rel}","templated":true}]}}