{"id":18979,"date":"2020-10-19T07:38:53","date_gmt":"2020-10-19T12:38:53","guid":{"rendered":"http:\/\/www.zonaroja.com.mx\/?p=18979"},"modified":"2020-10-19T07:39:01","modified_gmt":"2020-10-19T12:39:01","slug":"capturan-a-56-migrantes-y-a-un-pollero-en-nochixtlan-oaxaca","status":"publish","type":"post","link":"https:\/\/zonaroja.com.mx\/?p=18979","title":{"rendered":"Capturan a 56 migrantes y a un \u201cpollero\u201d en Nochixtl\u00e1n, Oaxaca"},"content":{"rendered":"\n<p>Redacci\u00f3n\/Zona Roja.<\/p>\n\n\n\n<p>Oaxaca de Ju\u00e1rez, Oax., 19 de octubre de 2020.- Al menos 56 migrantes centroamericanos y un presunto traficante de personas, conocido como \u201cpollero\u201d, fueron detenidos la noche de este domingo en Asunci\u00f3n Nochixtl\u00e1n.<\/p>\n\n\n\n<p>De acuerdo con los reportes municipales, los indocumentados fueron localizados en dos camionetas tipo Sprinter, con placas de circulaci\u00f3n 16-RB-9T y E99AC, presuntamente afiliados a la Confederaci\u00f3n \u201cLibertad\u201d, a la altura del encierro de una envasadora de refrescos, cerca de la supercarretera.<\/p>\n\n\n\n<p>La acci\u00f3n fue encabezada por elementos policiacos de Nochixtl\u00e1n quienes hallaron a los migrantes, que proceden de Guatemala, Honduras y El Salvador, mismos que fueron trasladados a un auditorio.<\/p>\n\n\n\n<p>Asimismo, se detuvo a un conductor, presuntamente pollero, identificado como Dar\u00edo \u201cN\u201d, originario de Huajuapan de Le\u00f3n.<\/p>\n\n\n\n<p>Los indocumentados son cuatro menores de edad, 12 mujeres y 40 varones, quienes fueron puestos a disposici\u00f3n del Instituto Nacional de Migraci\u00f3n; en tanto, el detenido fue entregado a persona de la Fiscal\u00eda General de la Rep\u00fablica con sede en Oaxaca.<\/p>\n","protected":false},"excerpt":{"rendered":"<p>Redacci\u00f3n\/Zona Roja. Oaxaca de Ju\u00e1rez, Oax., 19 de octubre de 2020.- Al menos 56 migrantes&hellip;<\/p>\n","protected":false},"author":2,"featured_media":18980,"comment_status":"closed","ping_status":"open","sticky":false,"template":"","format":"standard","meta":{"_lmt_disableupdate":"","_lmt_disable":"","_jetpack_memberships_contains_paid_content":false,"footnotes":""},"categories":[109,47],"tags":[128],"class_list":["post-18979","post","type-post","status-publish","format-standard","has-post-thumbnail","hentry","category-minuto-a-minuto","category-zona-gris","tag-asuncion-nochixtlan"],"jetpack_featured_media_url":"https:\/\/zonaroja.com.mx\/wp-content\/uploads\/2020\/10\/Migrantes-Nochixtlan.jpg","jetpack_sharing_enabled":true,"_links":{"self":[{"href":"https:\/\/zonaroja.com.mx\/index.php?rest_route=\/wp\/v2\/posts\/18979","targetHints":{"allow":["GET"]}}],"collection":[{"href":"https:\/\/zonaroja.com.mx\/index.php?rest_route=\/wp\/v2\/posts"}],"about":[{"href":"https:\/\/zonaroja.com.mx\/index.php?rest_route=\/wp\/v2\/types\/post"}],"author":[{"embeddable":true,"href":"https:\/\/zonaroja.com.mx\/index.php?rest_route=\/wp\/v2\/users\/2"}],"replies":[{"embeddable":true,"href":"https:\/\/zonaroja.com.mx\/index.php?rest_route=%2Fwp%2Fv2%2Fcomments&post=18979"}],"version-history":[{"count":1,"href":"https:\/\/zonaroja.com.mx\/index.php?rest_route=\/wp\/v2\/posts\/18979\/revisions"}],"predecessor-version":[{"id":18981,"href":"https:\/\/zonaroja.com.mx\/index.php?rest_route=\/wp\/v2\/posts\/18979\/revisions\/18981"}],"wp:featuredmedia":[{"embeddable":true,"href":"https:\/\/zonaroja.com.mx\/index.php?rest_route=\/wp\/v2\/media\/18980"}],"wp:attachment":[{"href":"https:\/\/zonaroja.com.mx\/index.php?rest_route=%2Fwp%2Fv2%2Fmedia&parent=18979"}],"wp:term":[{"taxonomy":"category","embeddable":true,"href":"https:\/\/zonaroja.com.mx\/index.php?rest_route=%2Fwp%2Fv2%2Fcategories&post=18979"},{"taxonomy":"post_tag","embeddable":true,"href":"https:\/\/zonaroja.com.mx\/index.php?rest_route=%2Fwp%2Fv2%2Ftags&post=18979"}],"curies":[{"name":"wp","href":"https:\/\/api.w.org\/{rel}","templated":true}]}}