{"id":18982,"date":"2020-10-19T08:05:11","date_gmt":"2020-10-19T13:05:11","guid":{"rendered":"http:\/\/www.zonaroja.com.mx\/?p=18982"},"modified":"2020-10-19T08:05:14","modified_gmt":"2020-10-19T13:05:14","slug":"un-presidente-municipal-ya-sin-futuro-que-reta-a-diputados-de-su-partido","status":"publish","type":"post","link":"https:\/\/zonaroja.com.mx\/?p=18982","title":{"rendered":"Un presidente municipal ya sin futuro, que reta a diputados de su partido"},"content":{"rendered":"\n<p>Ismael Garc\u00eda M.\/Zona Roja.<\/p>\n\n\n\n<p>Oaxaca de Ju\u00e1rez, Oax., 19 de octubre de 2020.- Falta de avezados asesores o falta de tacto pol\u00edtico. Cualquiera de las muchas deficiencias, tiene hoy a Oswaldo Garc\u00eda Jarqu\u00edn en la lona de un ring al que se subi\u00f3, sin tener la estatura para enfrentar a sus rivales.<\/p>\n\n\n\n<p>Confrontado con los grupos feministas y organismos civiles, por el caso de Jaqueline Escamilla; con los ecologistas por el cerro del \u201cCrest\u00f3n\u201d y la ca\u00edda de \u00e1rboles en el z\u00f3calo; con el Partido Morena, al que no se ha acercado ni por asomo.<\/p>\n\n\n\n<p>Con los diputados locales tambi\u00e9n morenistas por diversos temas, que a cada rato le llaman la atenci\u00f3n desde tribuna, y ahora con sus gobernados, a los que quiere imponer en el centro de la ciudad los parqu\u00edmetros, el edil no halla m\u00e1s salida que responder tambi\u00e9n con se\u00f1alamientos.<\/p>\n\n\n\n<p>Hasta hace pocos meses, Garc\u00eda Jarqu\u00edn &#8211;que en absoluto tiene base social ni la ha formado a casi un a\u00f1o 10 meses de su gobierno&#8211; buscaba afanosamente a los delegados del gobierno federal en Oaxaca para que intercedieran por \u00e9l para avanzar pol\u00edticamente.<\/p>\n\n\n\n<p>Sus m\u00e1s recientes ruegos fueron con el gabinista Mois\u00e9s Bayl\u00f3n, a quien pidi\u00f3 le ayudara con contactos en M\u00e9xico y lo respaldara aqu\u00ed para su eventual reelecci\u00f3n, o \u201ccuando menos\u201d una diputaci\u00f3n local. Ni uno ni otro.<\/p>\n\n\n\n<p>En particular &#8211;aunque no le quita el sue\u00f1o, pues ya ve todo perdido&#8211;, el caso de Jaqueline Escamilla est\u00e1 a punto de darle el golpe final, pues tribunales federales est\u00e1n por confirmar la violencia de g\u00e9nero, al destituirla como directora del Instituto Municipal de las Mujeres, por un berrinche y una discordancia ideol\u00f3gica.<\/p>\n\n\n\n<p>Pero lo tiene m\u00e1s preocupado que \u201csu\u201d versi\u00f3n acerca del predio del cerro del \u201cCrest\u00f3n\u201d, nada m\u00e1s no se impone y, por el contrario, ecologistas, medios de comunicaci\u00f3n y ahora legisladores, lo tienen contra la pared, y le exigen que defienda un bien p\u00fablico.<\/p>\n\n\n\n<p>De nuevo su respuesta fue poco inteligente. El pasado mi\u00e9rcoles en sesi\u00f3n ordinaria de Cabildo, el presidente municipal de Oaxaca de Ju\u00e1rez \u201chizo un llamado a las y los integrantes de la LXIV legislatura del Congreso del Estado para que sean respetuosos y permitan a la administraci\u00f3n municipal hacer su trabajo \u2018as\u00ed como respetamos lo que ellos realizan\u2019\u201d.<\/p>\n\n\n\n<p>\u201c\u2019Les pido que se informen bien y que, as\u00ed como nosotros respetamos el trabajo de los legisladores, que tambi\u00e9n respeten el nuestro. Nosotros vamos a actuar con rectitud, honestidad y transparencia como siempre lo hemos hecho\u2019, dijo al remarcar que el predio de 2,911.90 metros cuadrados colinda con la avenida Jos\u00e9 Murat\u201d y no forma parte del mencionado cerro.<\/p>\n\n\n\n<p>As\u00ed respondi\u00f3 Garc\u00eda Jarqu\u00edn &#8211;mediante un comunicado&#8211; al propio presidente de la Junta de Coordinaci\u00f3n Pol\u00edtica (Jucopo) del Congreso local, Horacio Sosa Villavicencio, quien el mismo d\u00eda en tribuna, pidi\u00f3 al edil morenista clarificar el hecho y defendiera la reserva natural.<\/p>\n\n\n\n<p>RETOMA PARQU\u00cdMETROS<\/p>\n\n\n\n<p>Pero no es el \u00fanico legislador que le ha llamado la atenci\u00f3n; antes fueron Oth\u00f3n Cuevas C\u00f3rdova, por el mismo tema de la defensa del cerro del \u201cCrest\u00f3n\u201d e Hilda P\u00e9rez Luis, por el caso de la nula consulta a ciudadanos de San Mart\u00edn Mexic\u00e1pam en la construcci\u00f3n de un centro comercial que, por cierto, ya est\u00e1 en funcionamiento.<\/p>\n\n\n\n<p>Han sido reiteradas las llamadas y exhortos desde el Poder Legislativo, principalmente de morenistas, as\u00ed como de priistas; en suma, no tiene ning\u00fan aliado la C\u00e1mara de Diputados. Mucho menos el PT, con el que se ha confrontado directamente desde hace meses.<\/p>\n\n\n\n<p>Y en respuesta, Oswaldo Garc\u00eda Jarqu\u00edn retom\u00f3 su proyecto de parqu\u00edmetro para el Centro Hist\u00f3rico, bajo el argumento de que es la panacea para las dobles filas y el intenso tr\u00e1fico vehicular.<\/p>\n\n\n\n<p>Olvida que el tema fue uno de los que deton\u00f3 conflictos sociales en el gobierno de Ulises Ruiz Ortiz.<\/p>\n\n\n\n<p>Pero a\u00fan as\u00ed, la semana que termin\u00f3, retom\u00f3 el tema a trav\u00e9s de una videoconferencia, en que olvid\u00f3 que el Legislativo no le aprob\u00f3 dicha propuesta recaudatoria en la Ley de Ingresos 2020, y por cuyo caso hubo tambi\u00e9n pronunciamientos de la diputada Lilia Mendoza Cruz, en contra de los parqu\u00edmetros.<\/p>\n\n\n\n<p>Las fallas son muchas y otra grave es la nula colaboraci\u00f3n para prevenir contagios por Covid-19.<\/p>\n\n\n\n<p>Desde el 12 de octubre, Oaxaca retorn\u00f3 al sem\u00e1foro epidemiol\u00f3gico naranja por Covid-19, pero en el caso de la capital, no hay absolutamente estrategia ni siquiera para evitar aglomeraciones.<\/p>\n\n\n\n<p>Casi un mes estuvo ocupado el z\u00f3calo, con cientos de juegos mec\u00e1nicos y puestos de vendedores ambulantes, y Oswaldo Garc\u00eda Jarqu\u00edn no movi\u00f3 un dedo para proteger ese espacio, donde acud\u00edan cotidianamente cientos de personas.<\/p>\n\n\n\n<p>Apenas se retir\u00f3 el Frente Popular \u201c14 de Junio\u201d, hace una semana, y triquis de Copala ampliaron sus puestos, frente al portal Las Flores. Pero la respuesta del edil fue virulenta: enviar a inspectores y a la fuerza p\u00fablica para arrebatar mercanc\u00eda.<\/p>\n\n\n\n<p>Hoy, el z\u00f3calo y los principales parques p\u00fablicos, adem\u00e1s del Andador Tur\u00edstico, contin\u00faan atestados de gente, sin que haya polic\u00edas o elementos capitalinos para disuadirla. \u00bfQu\u00e9 decir del Mercado de Abasto que desde hace mucho nadie se acuerda de las medidas sanitarias?<\/p>\n\n\n\n<p>Y Oaxaca de Ju\u00e1rez es el principal municipio con el mayor n\u00famero de contagios: cinco mil 579 en lo que va de la pandemia. Pero eso no preocupa al edil morenista, abandonado a su suerte. Le queda solamente los pataleos, para ver si alcanza alguna migaja pol\u00edtica, lo cual se vislumbra imposible.<\/p>\n","protected":false},"excerpt":{"rendered":"<p>Ismael Garc\u00eda M.\/Zona Roja. Oaxaca de Ju\u00e1rez, Oax., 19 de octubre de 2020.- Falta de&hellip;<\/p>\n","protected":false},"author":2,"featured_media":7610,"comment_status":"closed","ping_status":"open","sticky":false,"template":"","format":"standard","meta":{"_lmt_disableupdate":"","_lmt_disable":"","_jetpack_memberships_contains_paid_content":false,"footnotes":""},"categories":[456,109,48],"tags":[1353],"class_list":["post-18982","post","type-post","status-publish","format-standard","has-post-thumbnail","hentry","category-columna","category-minuto-a-minuto","category-zona-critica","tag-opinion-zona-critica"],"jetpack_featured_media_url":"https:\/\/zonaroja.com.mx\/wp-content\/uploads\/2020\/01\/Opini\u00f3n-Zona-Cr\u00edtica.jpg","jetpack_sharing_enabled":true,"_links":{"self":[{"href":"https:\/\/zonaroja.com.mx\/index.php?rest_route=\/wp\/v2\/posts\/18982","targetHints":{"allow":["GET"]}}],"collection":[{"href":"https:\/\/zonaroja.com.mx\/index.php?rest_route=\/wp\/v2\/posts"}],"about":[{"href":"https:\/\/zonaroja.com.mx\/index.php?rest_route=\/wp\/v2\/types\/post"}],"author":[{"embeddable":true,"href":"https:\/\/zonaroja.com.mx\/index.php?rest_route=\/wp\/v2\/users\/2"}],"replies":[{"embeddable":true,"href":"https:\/\/zonaroja.com.mx\/index.php?rest_route=%2Fwp%2Fv2%2Fcomments&post=18982"}],"version-history":[{"count":1,"href":"https:\/\/zonaroja.com.mx\/index.php?rest_route=\/wp\/v2\/posts\/18982\/revisions"}],"predecessor-version":[{"id":18983,"href":"https:\/\/zonaroja.com.mx\/index.php?rest_route=\/wp\/v2\/posts\/18982\/revisions\/18983"}],"wp:featuredmedia":[{"embeddable":true,"href":"https:\/\/zonaroja.com.mx\/index.php?rest_route=\/wp\/v2\/media\/7610"}],"wp:attachment":[{"href":"https:\/\/zonaroja.com.mx\/index.php?rest_route=%2Fwp%2Fv2%2Fmedia&parent=18982"}],"wp:term":[{"taxonomy":"category","embeddable":true,"href":"https:\/\/zonaroja.com.mx\/index.php?rest_route=%2Fwp%2Fv2%2Fcategories&post=18982"},{"taxonomy":"post_tag","embeddable":true,"href":"https:\/\/zonaroja.com.mx\/index.php?rest_route=%2Fwp%2Fv2%2Ftags&post=18982"}],"curies":[{"name":"wp","href":"https:\/\/api.w.org\/{rel}","templated":true}]}}