{"id":18990,"date":"2020-10-19T10:17:24","date_gmt":"2020-10-19T15:17:24","guid":{"rendered":"http:\/\/www.zonaroja.com.mx\/?p=18990"},"modified":"2020-10-19T10:17:27","modified_gmt":"2020-10-19T15:17:27","slug":"reciben-a-nuevo-titular-de-la-segego-garcia-lopez-con-multiples-bloqueos","status":"publish","type":"post","link":"https:\/\/zonaroja.com.mx\/?p=18990","title":{"rendered":"Reciben a nuevo titular de la Segego, Garc\u00eda L\u00f3pez, con m\u00faltiples bloqueos"},"content":{"rendered":"\n<p>Ismael Garc\u00eda M.\/Zona Roja.<\/p>\n\n\n\n<p>Oaxaca de Ju\u00e1rez, Oax., 19 de octubre de 2020.- Como cada semana, el lunes inici\u00f3 con m\u00faltiples protestas sociales en Oaxaca.<\/p>\n\n\n\n<p>Pero en esta ocasi\u00f3n, se intensifican una vez que se dio a conocer la designaci\u00f3n de Francisco Garc\u00eda L\u00f3pez como titular de la Secretar\u00eda General de Gobierno (Segego), en reemplazo de H\u00e9ctor Anuar Mafud.<\/p>\n\n\n\n<p>Desde las 06:00 horas, militantes del Consejo Ind\u00edgena Popular de Oaxaca (CIPO) \u201cRicardo Flores Mag\u00f3n\u201d, bloquean el acceso a la Casa Oficial de Gobierno en la capital, as\u00ed como la avenida Ju\u00e1rez.<\/p>\n\n\n\n<p>Al conocerse la toma de protesta del nuevo responsable de la pol\u00edtica interior del estado, intensificaron sus movilizaciones y cerraron la vialidad en la calle Pino Su\u00e1rez, adem\u00e1s de bloquear los accesos al Palacio de Gobierno.<\/p>\n\n\n\n<p>En sus manifestaciones, portan monigotes con la representaci\u00f3n de la presidenta del DIF Oaxaca, Ivette Mor\u00e1n de Murat, as\u00ed como de Alejandro Murat con dibujos del coronavirus.<\/p>\n\n\n\n<p>Por la ma\u00f1ana tambi\u00e9n pobladores de Asunci\u00f3n Nochixtl\u00e1n se apoderaron de la caseta de peaje de Huitzo, de la supercarretera Oaxaca-Cuacnopalan.<\/p>\n\n\n\n<p>A la altura de Magdalena Ocotl\u00e1n, en la carretera federal 175, pobladores de dicha comunidad bloquean la v\u00eda federal.<\/p>\n\n\n\n<p>En la regi\u00f3n del Istmo de Tehuantepec, padres de familia de una escuela primaria bloquean la carretera Trans\u00edstmica, en el municipio de Mat\u00edas Romero Avenda\u00f1o.<\/p>\n\n\n\n<p>Estudiantes normalistas que desde la semana pasada protestan en contra del Instituto Estatal de Educaci\u00f3n P\u00fablica de Oaxaca, mantienen su bloqueo a la calle Armenta y L\u00f3pez de la capital y \u201ctoman\u201d camiones urbanos para trasladarse a diversos puntos.<\/p>\n\n\n\n<p>Habitantes de la colonia Linda Vista de la ciudad de Oaxaca tambi\u00e9n prev\u00e9n realizar protestas, por conflictos en el interior de un plantel educativo.<\/p>\n\n\n\n<p>EL NOMBRAMIENTO<\/p>\n\n\n\n<figure class=\"wp-block-image size-large\"><img decoding=\"async\" width=\"1024\" height=\"682\" src=\"http:\/\/www.zonaroja.com.mx\/wp-content\/uploads\/2020\/10\/AMH-1-1024x682.jpeg\" alt=\"\" class=\"wp-image-18991\" srcset=\"https:\/\/zonaroja.com.mx\/wp-content\/uploads\/2020\/10\/AMH-1-1024x682.jpeg 1024w, https:\/\/zonaroja.com.mx\/wp-content\/uploads\/2020\/10\/AMH-1-300x200.jpeg 300w, https:\/\/zonaroja.com.mx\/wp-content\/uploads\/2020\/10\/AMH-1-768x512.jpeg 768w, https:\/\/zonaroja.com.mx\/wp-content\/uploads\/2020\/10\/AMH-1-1170x780.jpeg 1170w, https:\/\/zonaroja.com.mx\/wp-content\/uploads\/2020\/10\/AMH-1-585x390.jpeg 585w, https:\/\/zonaroja.com.mx\/wp-content\/uploads\/2020\/10\/AMH-1-263x175.jpeg 263w, https:\/\/zonaroja.com.mx\/wp-content\/uploads\/2020\/10\/AMH-1.jpeg 1280w\" sizes=\"(max-width: 1024px) 100vw, 1024px\" \/><\/figure>\n\n\n\n<p>Poco antes de las nueve de la ma\u00f1ana, mediante un comunicado, el Gobierno del Estado inform\u00f3 que el titular del Ejecutivo, Alejandro Murat Hinojosa, tom\u00f3 protesta de ley a Francisco Javier Garc\u00eda L\u00f3pez como secretario General de Gobierno, en sustituci\u00f3n de H\u00e9ctor Anuar Mafud.<\/p>\n\n\n\n<p>Expuso que \u201ctiene desde ahora la encomienda y misi\u00f3n de mantener la estabilidad y paz social en la entidad, privilegiando el di\u00e1logo, garantizando la integridad de la poblaci\u00f3n, sus derechos y bienes\u201d.<\/p>\n\n\n\n<p>\u201cMurat Hinojosa se refiri\u00f3 a H\u00e9ctor Anuar Mafud Mafud como un gran oaxaque\u00f1o, que por m\u00e1s de cuatro d\u00e9cadas ha dedicado su vida a trabajar por el bienestar del estado de Oaxaca; adem\u00e1s, agradeci\u00f3 su aportaci\u00f3n y el compromiso asumido con la poblaci\u00f3n durante el tiempo que estuvo al frente de esta Secretar\u00eda, siempre privilegiando la mediaci\u00f3n, conciliaci\u00f3n, acuerdos, consensos y di\u00e1logo democr\u00e1tico\u201d, detall\u00f3 en el bolet\u00edn.<\/p>\n\n\n\n<p>Francisco Javier Garc\u00eda L\u00f3pez es Ingeniero Industrial, recientemente se desempe\u00f1aba como secretario particular del titular del Poder Ejecutivo de Oaxaca, fungi\u00f3 como secretario de Vialidad y Transporte, adem\u00e1s de haber sido diputado en la LXI Legislatura del Congreso del Estado de Oaxaca y presidente de la Comisi\u00f3n Permanente de Fomento de la Energ\u00eda Renovable.<\/p>\n\n\n\n<p>Tambi\u00e9n ha sido coordinador general de Unidades M\u00f3viles, subsecretario de Desarrollo Municipal, coordinador de asesores de la Segego, director general del Instituto de la Juventud Oaxaque\u00f1a, delegado de la Coordinaci\u00f3n General del Comit\u00e9 Estatal de Planeaci\u00f3n para el Desarrollo de Oaxaca (Coplade), entre otros cargos p\u00fablicos.<\/p>\n","protected":false},"excerpt":{"rendered":"<p>Ismael Garc\u00eda M.\/Zona Roja. Oaxaca de Ju\u00e1rez, Oax., 19 de octubre de 2020.- Como cada&hellip;<\/p>\n","protected":false},"author":2,"featured_media":18992,"comment_status":"closed","ping_status":"open","sticky":false,"template":"","format":"standard","meta":{"_lmt_disableupdate":"","_lmt_disable":"","_jetpack_memberships_contains_paid_content":false,"footnotes":""},"categories":[109,47],"tags":[2122],"class_list":["post-18990","post","type-post","status-publish","format-standard","has-post-thumbnail","hentry","category-minuto-a-minuto","category-zona-gris","tag-francisco-garcia-lopez"],"jetpack_featured_media_url":"https:\/\/zonaroja.com.mx\/wp-content\/uploads\/2020\/10\/Protestas-CIPO.jpg","jetpack_sharing_enabled":true,"_links":{"self":[{"href":"https:\/\/zonaroja.com.mx\/index.php?rest_route=\/wp\/v2\/posts\/18990","targetHints":{"allow":["GET"]}}],"collection":[{"href":"https:\/\/zonaroja.com.mx\/index.php?rest_route=\/wp\/v2\/posts"}],"about":[{"href":"https:\/\/zonaroja.com.mx\/index.php?rest_route=\/wp\/v2\/types\/post"}],"author":[{"embeddable":true,"href":"https:\/\/zonaroja.com.mx\/index.php?rest_route=\/wp\/v2\/users\/2"}],"replies":[{"embeddable":true,"href":"https:\/\/zonaroja.com.mx\/index.php?rest_route=%2Fwp%2Fv2%2Fcomments&post=18990"}],"version-history":[{"count":1,"href":"https:\/\/zonaroja.com.mx\/index.php?rest_route=\/wp\/v2\/posts\/18990\/revisions"}],"predecessor-version":[{"id":18993,"href":"https:\/\/zonaroja.com.mx\/index.php?rest_route=\/wp\/v2\/posts\/18990\/revisions\/18993"}],"wp:featuredmedia":[{"embeddable":true,"href":"https:\/\/zonaroja.com.mx\/index.php?rest_route=\/wp\/v2\/media\/18992"}],"wp:attachment":[{"href":"https:\/\/zonaroja.com.mx\/index.php?rest_route=%2Fwp%2Fv2%2Fmedia&parent=18990"}],"wp:term":[{"taxonomy":"category","embeddable":true,"href":"https:\/\/zonaroja.com.mx\/index.php?rest_route=%2Fwp%2Fv2%2Fcategories&post=18990"},{"taxonomy":"post_tag","embeddable":true,"href":"https:\/\/zonaroja.com.mx\/index.php?rest_route=%2Fwp%2Fv2%2Ftags&post=18990"}],"curies":[{"name":"wp","href":"https:\/\/api.w.org\/{rel}","templated":true}]}}