{"id":18995,"date":"2020-10-19T13:40:40","date_gmt":"2020-10-19T18:40:40","guid":{"rendered":"https:\/\/www.zonaroja.com.mx\/?p=18995"},"modified":"2020-10-19T13:40:42","modified_gmt":"2020-10-19T18:40:42","slug":"denuncian-que-dan-despensas-para-personal-de-salud-en-lugar-bono-covid","status":"publish","type":"post","link":"https:\/\/zonaroja.com.mx\/?p=18995","title":{"rendered":"Denuncian que dan despensas para personal de salud, en lugar bono Covid"},"content":{"rendered":"\n<p class=\"MsoNormal\">Evlin Arag\u00f3n\/Zona Roja.<\/p>\n\n\n\n<p class=\"MsoNormal\">Oaxaca de Ju\u00e1rez, Oax., 19 de octubre de 2020.- En medio de una segunda ola de contagios por Covid-19, en la que aumentan los casos positivos y fallecimientos, el personal de salud sigue dando la batalla pese a no contar con el material de protecci\u00f3n necesario como denunciaron desde el inicio de la emergencia sanitaria.  <\/p>\n\n\n\n<p class=\"MsoNormal\">No obstante las carencias y la falta de apoyo sigue siendo una constante, prueba de ello las denuncias en las redes sociales, la m\u00e1s reciente de una usuaria en Facebook que dio a conocer que en lugar de bono-Covid recibi\u00f3 una despensa etiquetada por el DIF Estatal. <\/p>\n\n\n\n<p class=\"MsoNormal\">\u201cEs neta mi bono covid una despensa no me JODA Alejandro Murat Hinojosa. Soy personal eventual. Esto es una ofensa. Soy una enfermera especialista y llevo 8 meses al frente en la pandemia. No me joda\u201d, refiere la publicaci\u00f3n de la usuaria Dyana Lorenzana.&nbsp;<\/p>\n\n\n\n<p class=\"MsoNormal\">La joven mujer ironizo al mencionar que esperaba que el transporte p\u00fablico le aceptara una lata de at\u00fan como pago del pasaje, ya que la falta de pago del bono y los bajos sueldos para el personal eventual complican una solvencia econ\u00f3mica que le permita hacer frente a toda una serie de gastos.&nbsp;&nbsp;<\/p>\n\n\n\n<p class=\"MsoNormal\">La publicaci\u00f3n fue compartida en m\u00e1s de 500 ocasiones, tuvo 202 reacciones y 66 comentarios muchos de los cuales reclamaban el actuar de las autoridades con el personal de salud, particularmente los que no son respaldados por el gremio sindical.&nbsp;&nbsp;<\/p>\n\n\n\n<p class=\"MsoNormal\">\u201cEs una verg\u00fcenza, das todo y este es el pago, que pena con las autoridades\u201d; Yo ni lo recib\u00ed, fue una burla, enserio\u201d; \u201cY esperen a ver el bono navide\u00f1o que se van a dar los diputados\u201d; \u201cQue no chingue murratita pero como la gente est\u00e1 callada se tendr\u00e1n que conformar con eso\u201d; \u201cD\u00e9jate de eso, cuando comprueben esos gastos dir\u00e1n que te lo dieron en el doble carrito de Walmart\u201d, fueron parte de lo comentarios.&nbsp;&nbsp;<\/p>\n\n\n\n<p class=\"MsoNormal\">Previamente, en una publicaci\u00f3n de finales de septiembre, cuestion\u00f3 que el gobierno se deslindara del pago del bono a eventuales, a quienes adem\u00e1s no se le cubre el sueldo conforme a su nivel acad\u00e9mico y carecen de seguro m\u00e9dico pese a que se encuentran atendiendo a pacientes con Covid-19. <\/p>\n\n\n\n<p class=\"MsoNormal\">\u201cEl gobierno dice que no tiene dinero para pagarnos el bono covid a eventuales. Cuando en primera ni siquiera ganamos el dinero de acuerdo al nivel acad\u00e9mico. Muchos somos especialistas y con maestr\u00eda. Y como eventual hemos atendido a pacientes con covid y sin tener seguro m\u00e9dico y ganando una miseria. Ni el gracias. M\u00ednimo el gracias\u201d.&nbsp;<\/p>\n\n\n\n<p class=\"MsoNormal\">Las despensas que entrega el DIF Oaxaca han estado en constante pol\u00e9mica por lo que en julio pasado la diputada Aleida Tonelly Serrano Rosado solicit\u00f3 al titular del Poder Ejecutivo, Alejandro Murat Hinojosa, y la presidenta del DIF estatal, Ivette Mor\u00e1n, transparentar el mecanismo de entrega de las 200 mil despensas a la poblaci\u00f3n oaxaque\u00f1a, con motivo de la contingencia sanitaria por Covid-19. <\/p>\n","protected":false},"excerpt":{"rendered":"<p>Evlin Arag\u00f3n\/Zona Roja. Oaxaca de Ju\u00e1rez, Oax., 19 de octubre de 2020.- En medio de&hellip;<\/p>\n","protected":false},"author":2,"featured_media":18994,"comment_status":"closed","ping_status":"open","sticky":false,"template":"","format":"standard","meta":{"_lmt_disableupdate":"","_lmt_disable":"","_jetpack_memberships_contains_paid_content":false,"footnotes":""},"categories":[109,47],"tags":[1005],"class_list":["post-18995","post","type-post","status-publish","format-standard","has-post-thumbnail","hentry","category-minuto-a-minuto","category-zona-gris","tag-servicios-de-salud-de-oaxaca-sso"],"jetpack_featured_media_url":"https:\/\/zonaroja.com.mx\/wp-content\/uploads\/2020\/10\/img_3915.jpg","jetpack_sharing_enabled":true,"_links":{"self":[{"href":"https:\/\/zonaroja.com.mx\/index.php?rest_route=\/wp\/v2\/posts\/18995","targetHints":{"allow":["GET"]}}],"collection":[{"href":"https:\/\/zonaroja.com.mx\/index.php?rest_route=\/wp\/v2\/posts"}],"about":[{"href":"https:\/\/zonaroja.com.mx\/index.php?rest_route=\/wp\/v2\/types\/post"}],"author":[{"embeddable":true,"href":"https:\/\/zonaroja.com.mx\/index.php?rest_route=\/wp\/v2\/users\/2"}],"replies":[{"embeddable":true,"href":"https:\/\/zonaroja.com.mx\/index.php?rest_route=%2Fwp%2Fv2%2Fcomments&post=18995"}],"version-history":[{"count":1,"href":"https:\/\/zonaroja.com.mx\/index.php?rest_route=\/wp\/v2\/posts\/18995\/revisions"}],"predecessor-version":[{"id":18996,"href":"https:\/\/zonaroja.com.mx\/index.php?rest_route=\/wp\/v2\/posts\/18995\/revisions\/18996"}],"wp:featuredmedia":[{"embeddable":true,"href":"https:\/\/zonaroja.com.mx\/index.php?rest_route=\/wp\/v2\/media\/18994"}],"wp:attachment":[{"href":"https:\/\/zonaroja.com.mx\/index.php?rest_route=%2Fwp%2Fv2%2Fmedia&parent=18995"}],"wp:term":[{"taxonomy":"category","embeddable":true,"href":"https:\/\/zonaroja.com.mx\/index.php?rest_route=%2Fwp%2Fv2%2Fcategories&post=18995"},{"taxonomy":"post_tag","embeddable":true,"href":"https:\/\/zonaroja.com.mx\/index.php?rest_route=%2Fwp%2Fv2%2Ftags&post=18995"}],"curies":[{"name":"wp","href":"https:\/\/api.w.org\/{rel}","templated":true}]}}