{"id":18999,"date":"2020-10-19T16:47:53","date_gmt":"2020-10-19T21:47:53","guid":{"rendered":"http:\/\/www.zonaroja.com.mx\/?p=18999"},"modified":"2020-10-19T16:47:56","modified_gmt":"2020-10-19T21:47:56","slug":"no-cesan-las-ejecuciones-en-pinotepa-nacional-oaxaca","status":"publish","type":"post","link":"https:\/\/zonaroja.com.mx\/?p=18999","title":{"rendered":"No cesan las ejecuciones en Pinotepa Nacional, Oaxaca"},"content":{"rendered":"\n<p>Redacci\u00f3n\/Zona Roja.<\/p>\n\n\n\n<p>Oaxaca de Ju\u00e1rez, Oax., 19 de octubre de 2020.- Una persona del sexo masculino fue ejecutada a balazos este lunes en Santiago Pinotepa Nacional, municipio de la regi\u00f3n Costa de Oaxaca, colindante con el estado de Guerrero.<\/p>\n\n\n\n<p>El crimen perpetrado con arma de fuego ocurri\u00f3 esta tarde en la calle 10 Sur esquina con 3 Oriente, en el centro de dicha ciudad.<\/p>\n\n\n\n<p>La v\u00edctima fue baleada en el interior de su unidad de motor, tipo Sentra, marca Nissan, color blanco; de manera preliminar fue identificada como Otoniel. Los probables autores del homicidio se dieron a la fuga de inmediato.<\/p>\n\n\n\n<p>Personal de la Fiscal\u00eda General del Estado de Oaxaca inici\u00f3 las indagatorias y hasta el momento no hay personas detenidas ni se tiene el m\u00f3vil del ataque armado.<\/p>\n","protected":false},"excerpt":{"rendered":"<p>Redacci\u00f3n\/Zona Roja. Oaxaca de Ju\u00e1rez, Oax., 19 de octubre de 2020.- Una persona del sexo&hellip;<\/p>\n","protected":false},"author":2,"featured_media":5938,"comment_status":"closed","ping_status":"open","sticky":false,"template":"","format":"standard","meta":{"_lmt_disableupdate":"","_lmt_disable":"","_jetpack_memberships_contains_paid_content":false,"footnotes":""},"categories":[109,51],"tags":[651],"class_list":["post-18999","post","type-post","status-publish","format-standard","has-post-thumbnail","hentry","category-minuto-a-minuto","category-zona-roja","tag-santiago-pinotepa-nacional"],"jetpack_featured_media_url":"https:\/\/zonaroja.com.mx\/wp-content\/uploads\/2019\/11\/Escena-del-crimen.jpg","jetpack_sharing_enabled":true,"_links":{"self":[{"href":"https:\/\/zonaroja.com.mx\/index.php?rest_route=\/wp\/v2\/posts\/18999","targetHints":{"allow":["GET"]}}],"collection":[{"href":"https:\/\/zonaroja.com.mx\/index.php?rest_route=\/wp\/v2\/posts"}],"about":[{"href":"https:\/\/zonaroja.com.mx\/index.php?rest_route=\/wp\/v2\/types\/post"}],"author":[{"embeddable":true,"href":"https:\/\/zonaroja.com.mx\/index.php?rest_route=\/wp\/v2\/users\/2"}],"replies":[{"embeddable":true,"href":"https:\/\/zonaroja.com.mx\/index.php?rest_route=%2Fwp%2Fv2%2Fcomments&post=18999"}],"version-history":[{"count":1,"href":"https:\/\/zonaroja.com.mx\/index.php?rest_route=\/wp\/v2\/posts\/18999\/revisions"}],"predecessor-version":[{"id":19000,"href":"https:\/\/zonaroja.com.mx\/index.php?rest_route=\/wp\/v2\/posts\/18999\/revisions\/19000"}],"wp:featuredmedia":[{"embeddable":true,"href":"https:\/\/zonaroja.com.mx\/index.php?rest_route=\/wp\/v2\/media\/5938"}],"wp:attachment":[{"href":"https:\/\/zonaroja.com.mx\/index.php?rest_route=%2Fwp%2Fv2%2Fmedia&parent=18999"}],"wp:term":[{"taxonomy":"category","embeddable":true,"href":"https:\/\/zonaroja.com.mx\/index.php?rest_route=%2Fwp%2Fv2%2Fcategories&post=18999"},{"taxonomy":"post_tag","embeddable":true,"href":"https:\/\/zonaroja.com.mx\/index.php?rest_route=%2Fwp%2Fv2%2Ftags&post=18999"}],"curies":[{"name":"wp","href":"https:\/\/api.w.org\/{rel}","templated":true}]}}