{"id":1900,"date":"2019-06-28T19:00:49","date_gmt":"2019-06-29T00:00:49","guid":{"rendered":"http:\/\/www.zonaroja.com.mx\/?p=1900"},"modified":"2019-06-28T18:59:11","modified_gmt":"2019-06-28T23:59:11","slug":"las-poderosas-teatro-que-sana-la-violencia-de-genero","status":"publish","type":"post","link":"https:\/\/zonaroja.com.mx\/?p=1900","title":{"rendered":"\u201cLas Poderosas\u201d, teatro que sana la violencia de g\u00e9nero"},"content":{"rendered":"\n<p>Evlin Arag\u00f3n<\/p>\n\n\n\n<p>Lesbia,\nAdelma, Rosa, Mayra, Telma Aj\u00edn y Telma Sarce\u00f1o son seis mujeres de diferentes\nedades, originarias de Guatemala, que desde el 2007 forman parte de un\ncolectivo llamado \u201cLas Poderosas\u201d que busca a trav\u00e9s del teatro sanar los\nestragos de la violencia de g\u00e9nero que sufrieron en alg\u00fan momento de sus vidas.\n<\/p>\n\n\n\n<p>El fin de\nsemana presentaron en Oaxaca su segunda obra titulada \u201cNaciendo\u201d, en la cual\nnarran de forma desgarradora la violencia que padecieron en los tiempos de\nguerra en su pa\u00eds y las m\u00e1s j\u00f3venes los estragos de la misma en su familia. <\/p>\n\n\n\n<p>Lo anterior\ncomo parte de la VI Caravana de Cine \u00c1rabe e Iberoamericano de Mujeres, que se\nrealiz\u00f3 en la capital oaxaque\u00f1a y en donde adem\u00e1s realizaron dos talleres para\ncompartir su metodolog\u00eda con otras mujeres, convencidas de que el teatro y las\nartes aligeran el dolor y les permite encontrar una nueva forma de enfrentar la\nvida. <\/p>\n\n\n\n<p>\u201cNosotras\nparticip\u00e1bamos en un proceso terap\u00e9utico para sanar la violencia extrema que\nvivimos, ah\u00ed nos conocimos y nos juntamos\u201d, cuentan al terminar la obra que\nhizo llorar a m\u00e1s de una persona y en la que adem\u00e1s de narrar historias de\nviolencia extrema ponen en el centro de la discusi\u00f3n el placer sexual de las\nmujeres con la intenci\u00f3n que deje de ser un tab\u00fa.<\/p>\n\n\n\n<p>\u201cLos\nprocesos de sanaci\u00f3n no son de la noche a la ma\u00f1ana, cada quien tiene su proceso,\npero hoy por hoy no somos las mismas mujeres de hace 10 a\u00f1os, hoy estamos aqu\u00ed\npara decirles que si se puede salir de la violencia, que todas somos poderosas\ny valiosas\u201d, se\u00f1alan.<\/p>\n\n\n\n<p>La obra\ntambi\u00e9n retrata violaciones sexuales por parte de militares, la venta de\nmujeres y desapariciones forzadas como temas que se entrelazan en la historia\nde cada una y que pese a su crudeza buscan crear un momento de reflexi\u00f3n para\ncelebrar que est\u00e1n vivas y siguen luchando.<\/p>\n\n\n\n<p>En las dos\npuestas en escena que llevan hasta ahora, y que ellas mismas han escrito con el\napoyo de un dramaturgo, tambi\u00e9n han participado sus hijas e hijos a fin de\nhacer un trabajo integral con sus familias, adem\u00e1s que han llevado su\nexperiencia a comunidades ind\u00edgenas no s\u00f3lo de Guatemala si no en otras partes\ndel mundo donde trabajan con grupos de mujeres que han sobrevivido a la\nviolencia.<\/p>\n\n\n\n<p>\u201cEl teatro\nnos ha permitido sensibilizar, sanar y transformar\u201d aseguran con una enorme\nsonrisa en la boca a un amplio grupo de mujeres que se dio cita este lunes en\nla Universidad Aut\u00f3noma \u201cBenito Ju\u00e1rez\u201d de Oaxaca, para conocer la metodolog\u00eda\ncon la que trabajan, la cual parte de las experiencias de violencia de cada una\nde las mujeres que toman los talleres, mismas que expresan mediante\nimprovisaciones y se resignifican con el apoyo de la colectividad.<\/p>\n","protected":false},"excerpt":{"rendered":"<p>Evlin Arag\u00f3n Lesbia, Adelma, Rosa, Mayra, Telma Aj\u00edn y Telma Sarce\u00f1o son seis mujeres de&hellip;<\/p>\n","protected":false},"author":2,"featured_media":1901,"comment_status":"closed","ping_status":"open","sticky":false,"template":"","format":"standard","meta":{"_lmt_disableupdate":"","_lmt_disable":"","_jetpack_memberships_contains_paid_content":false,"footnotes":""},"categories":[109,46],"tags":[259,58,190],"class_list":["post-1900","post","type-post","status-publish","format-standard","has-post-thumbnail","hentry","category-minuto-a-minuto","category-zona-blanca","tag-colectivo-las-poderosas","tag-oaxaca","tag-violencia-de-genero"],"jetpack_featured_media_url":"https:\/\/zonaroja.com.mx\/wp-content\/uploads\/2019\/06\/IMG_1494.jpg","jetpack_sharing_enabled":true,"_links":{"self":[{"href":"https:\/\/zonaroja.com.mx\/index.php?rest_route=\/wp\/v2\/posts\/1900","targetHints":{"allow":["GET"]}}],"collection":[{"href":"https:\/\/zonaroja.com.mx\/index.php?rest_route=\/wp\/v2\/posts"}],"about":[{"href":"https:\/\/zonaroja.com.mx\/index.php?rest_route=\/wp\/v2\/types\/post"}],"author":[{"embeddable":true,"href":"https:\/\/zonaroja.com.mx\/index.php?rest_route=\/wp\/v2\/users\/2"}],"replies":[{"embeddable":true,"href":"https:\/\/zonaroja.com.mx\/index.php?rest_route=%2Fwp%2Fv2%2Fcomments&post=1900"}],"version-history":[{"count":1,"href":"https:\/\/zonaroja.com.mx\/index.php?rest_route=\/wp\/v2\/posts\/1900\/revisions"}],"predecessor-version":[{"id":1902,"href":"https:\/\/zonaroja.com.mx\/index.php?rest_route=\/wp\/v2\/posts\/1900\/revisions\/1902"}],"wp:featuredmedia":[{"embeddable":true,"href":"https:\/\/zonaroja.com.mx\/index.php?rest_route=\/wp\/v2\/media\/1901"}],"wp:attachment":[{"href":"https:\/\/zonaroja.com.mx\/index.php?rest_route=%2Fwp%2Fv2%2Fmedia&parent=1900"}],"wp:term":[{"taxonomy":"category","embeddable":true,"href":"https:\/\/zonaroja.com.mx\/index.php?rest_route=%2Fwp%2Fv2%2Fcategories&post=1900"},{"taxonomy":"post_tag","embeddable":true,"href":"https:\/\/zonaroja.com.mx\/index.php?rest_route=%2Fwp%2Fv2%2Ftags&post=1900"}],"curies":[{"name":"wp","href":"https:\/\/api.w.org\/{rel}","templated":true}]}}