{"id":19004,"date":"2020-10-19T20:35:50","date_gmt":"2020-10-20T01:35:50","guid":{"rendered":"http:\/\/www.zonaroja.com.mx\/?p=19004"},"modified":"2020-10-19T20:41:41","modified_gmt":"2020-10-20T01:41:41","slug":"prioridad-de-la-segego-proteger-a-presidenta-del-dif-y-no-atencion-cipo","status":"publish","type":"post","link":"https:\/\/zonaroja.com.mx\/?p=19004","title":{"rendered":"Prioridad de la Segego, proteger a presidenta del DIF y no atenci\u00f3n: CIPO"},"content":{"rendered":"\n<p>Yuridiana Sosa\/Zona Roja. Foto: Cortes\u00eda<\/p>\n\n\n\n<p>Oaxaca de Ju\u00e1rez, Oax., 19 de octubre de 2020.- El Consejo Ind\u00edgena Popular de Oaxaca \u201cRicardo Flores Mag\u00f3n\u201d (CIPO-RFM) anunci\u00f3 que permanecer\u00e1n en \u201cplant\u00f3n\u201d afuera de Casa Oficial y del Palacio de Gobierno, hasta lograr mesa de di\u00e1logo con el gobernador Alejandro Murat, que ser\u00eda el jueves.<\/p>\n\n\n\n<p>La decisi\u00f3n se tom\u00f3 tras una mesa de negociaci\u00f3n con el reci\u00e9n nombrado secretario General de Gobierno, Francisco Garc\u00eda L\u00f3pez, en la que los manifestantes s\u00f3lo accedieron a retirar el bloqueo de la Casa Oficial en su acceso por la calle de Pino Su\u00e1rez, en la capital del estado, con la promesa del nuevo secretario de un encuentro directo con el mandatario el pr\u00f3ximo jueves.<\/p>\n\n\n\n<p>En conferencia de prensa, la organizaci\u00f3n indic\u00f3 que ante la desconfianza hacia el Gobierno del Estado, permanecer\u00e1n en su jornada de lucha programada, la cual est\u00e1 condicionada seg\u00fan el avance de las negociaciones.<\/p>\n\n\n\n<p>Pero, el di\u00e1logo entre CIPO y la Segego estuvo lleno de una serie de condicionamientos por ambas partes, seg\u00fan la versi\u00f3n de la organizaci\u00f3n.<\/p>\n\n\n\n<p>Primero, la Segego pidi\u00f3 a la organizaci\u00f3n que retirara de su manifestaci\u00f3n la efigie de la presidenta honoraria del DIF Estatal, Ivette Moran de Murat, para sostener el encuentro, pero CIPO no accedi\u00f3 hasta no haber mesa de di\u00e1logo antes.<\/p>\n\n\n\n<figure class=\"wp-block-embed-twitter wp-block-embed is-type-rich is-provider-twitter\"><div class=\"wp-block-embed__wrapper\">\n<div class=\"twitter-tweet\"><blockquote class=\"twitter-tweet\" data-lang=\"es\"><p lang=\"es\" dir=\"ltr\"><a href=\"https:\/\/twitter.com\/hashtag\/%C3%9AltimoMinuto?src=hash&amp;ref_src=twsrc%5Etfw\">#\u00daltimoMinuto<\/a> <br>M\u00e1s que la atenci\u00f3n a las comunidades ind\u00edgenas, la preocupaci\u00f3n (y el ruego) de la <a href=\"https:\/\/twitter.com\/SEGEGO_GobOax?ref_src=twsrc%5Etfw\">@SEGEGO_GobOax<\/a> es cuidar la imagen de \u201cla se\u00f1ora\u201d (<a href=\"https:\/\/twitter.com\/IvetteMurat?ref_src=twsrc%5Etfw\">@IvetteMurat<\/a>, titular del <a href=\"https:\/\/twitter.com\/DIF_Oaxaca?ref_src=twsrc%5Etfw\">@DIF_Oaxaca<\/a>), denunci\u00f3 hoy el CIPO. Secretario <a href=\"https:\/\/twitter.com\/PacoPiza9?ref_src=twsrc%5Etfw\">@PacoPiza9<\/a> est\u00e1 ocupado, los atender\u00e1 hasta ma\u00f1ana. <a href=\"https:\/\/t.co\/tsbz2KT2UG\">pic.twitter.com\/tsbz2KT2UG<\/a><\/p>&mdash; Zona Roja Oaxaca (@MexRoja) <a href=\"https:\/\/twitter.com\/MexRoja\/status\/1318341417450823680?ref_src=twsrc%5Etfw\">20 de octubre de 2020<\/a><\/blockquote><\/div>\n<\/div><\/figure>\n\n\n\n<p>\u201cLos funcionaros estuvieron buscando muchas veces que desaloj\u00e1ramos la Casa Oficial pero sin ninguna propuesta. Insistieron mucho que no habr\u00eda que sacar a la se\u00f1ora como ellos la llaman, en su figura como un virus de gobierno; estuvieron diciendo que si no baj\u00e1bamos la imagen de la se\u00f1ora, pues se pod\u00eda generar una situaci\u00f3n de no atenci\u00f3n.<\/p>\n\n\n\n<p>\u201cNosotros les dijimos que si les molesta que la imagen de la se\u00f1ora salga p\u00fablicamente, por qu\u00e9 no se preocupan cuando ella va a las comunidades a llevar ciertas cosas nada m\u00e1s y no a toda la poblaci\u00f3n; dijimos que ella es una figura p\u00fablica, si no quieren que se toque, que no aparezca en las manifestaciones, pues no con el erario est\u00e9 haciendo proselitismo, est\u00e9 yendo a las comunidades y dividiendo.<\/p>\n\n\n\n<p>\u201cSi a ellos les duele que aparezca la se\u00f1ora en una imagen de coronavirus, tambi\u00e9n a nosotros nos duele que nos tengan ac\u00e1 a los hombres, a las mujeres, que no cumplan sus palabras, como la funcionaria Eufrosina Cruz, que se ha negado a atender las necesidades del CIPO\u201d, dijo Miguel Cruz.<\/p>\n\n\n\n<figure class=\"wp-block-embed-twitter wp-block-embed is-type-rich is-provider-twitter\"><div class=\"wp-block-embed__wrapper\">\n<div class=\"twitter-tweet\"><blockquote class=\"twitter-tweet\" data-lang=\"es\"><p lang=\"es\" dir=\"ltr\"><a href=\"https:\/\/twitter.com\/hashtag\/%C3%9AltimoMinuto?src=hash&amp;ref_src=twsrc%5Etfw\">#\u00daltimoMinuto<\/a> <br>Sin ninguna atenci\u00f3n por parte de <a href=\"https:\/\/twitter.com\/PacoPiza9?ref_src=twsrc%5Etfw\">@PacoPiza9<\/a>, nuevo titular del a <a href=\"https:\/\/twitter.com\/SEGEGO_GobOax?ref_src=twsrc%5Etfw\">@SEGEGO_GobOax<\/a>, contin\u00faan los bloqueos con protestas de militantes del Consejo Ind\u00edgena Popular de Oaxaca, en Casa Oficial y en el Palacio de Gobierno; ma\u00f1ana intensifican movilizaciones. <a href=\"https:\/\/t.co\/oE6uXT0gqt\">pic.twitter.com\/oE6uXT0gqt<\/a><\/p>&mdash; Zona Roja Oaxaca (@MexRoja) <a href=\"https:\/\/twitter.com\/MexRoja\/status\/1318273192960552960?ref_src=twsrc%5Etfw\">19 de octubre de 2020<\/a><\/blockquote><\/div>\n<\/div><\/figure>\n\n\n\n<p>Como una muestra de voluntad, apunt\u00f3 la organizaci\u00f3n, retiraron el \u201cplant\u00f3n\u201d de la avenida Pino Su\u00e1rez, pero a cambio, tambi\u00e9n, que la mesa de negociaci\u00f3n con Murat Hinojosa sea antes de lo propuesto y se recorra al d\u00eda mi\u00e9rcoles, por lo que continuar\u00e1n en manifestaci\u00f3n.<\/p>\n\n\n\n<p>Con la promesa de la Segego de iniciar encuentros con las dependencias de salud, educaci\u00f3n e ind\u00edgena para este martes, el CIPO suspendi\u00f3 la marcha programada para la tarde de este lunes.<\/p>\n\n\n\n<p>\u201cNo queremos afectar a la ciudadan\u00eda, pero si el gobierno no cumple vamos a permanecer en Casa Oficial\u201d, advirti\u00f3 la agrupaci\u00f3n en voz de Miguel Cruz, que este lunes comenz\u00f3 con una jornada de lucha en la capital del estado, con un plant\u00f3n en tres puntos, dos se ubicaron en los accesos a Casa Oficial y uno m\u00e1s en las calles de Bustamante para obstruir el acceso a Palacio de Gobierno.<\/p>\n","protected":false},"excerpt":{"rendered":"<p>Yuridiana Sosa\/Zona Roja. Foto: Cortes\u00eda Oaxaca de Ju\u00e1rez, Oax., 19 de octubre de 2020.- El&hellip;<\/p>\n","protected":false},"author":2,"featured_media":19005,"comment_status":"closed","ping_status":"open","sticky":false,"template":"","format":"standard","meta":{"_lmt_disableupdate":"","_lmt_disable":"","_jetpack_memberships_contains_paid_content":false,"footnotes":""},"categories":[109,47],"tags":[2123],"class_list":["post-19004","post","type-post","status-publish","format-standard","has-post-thumbnail","hentry","category-minuto-a-minuto","category-zona-gris","tag-consejo-indigena-popular-de-oaxaca-cipo"],"jetpack_featured_media_url":"https:\/\/zonaroja.com.mx\/wp-content\/uploads\/2020\/10\/Protesta-CIPO-2.jpg","jetpack_sharing_enabled":true,"_links":{"self":[{"href":"https:\/\/zonaroja.com.mx\/index.php?rest_route=\/wp\/v2\/posts\/19004","targetHints":{"allow":["GET"]}}],"collection":[{"href":"https:\/\/zonaroja.com.mx\/index.php?rest_route=\/wp\/v2\/posts"}],"about":[{"href":"https:\/\/zonaroja.com.mx\/index.php?rest_route=\/wp\/v2\/types\/post"}],"author":[{"embeddable":true,"href":"https:\/\/zonaroja.com.mx\/index.php?rest_route=\/wp\/v2\/users\/2"}],"replies":[{"embeddable":true,"href":"https:\/\/zonaroja.com.mx\/index.php?rest_route=%2Fwp%2Fv2%2Fcomments&post=19004"}],"version-history":[{"count":2,"href":"https:\/\/zonaroja.com.mx\/index.php?rest_route=\/wp\/v2\/posts\/19004\/revisions"}],"predecessor-version":[{"id":19007,"href":"https:\/\/zonaroja.com.mx\/index.php?rest_route=\/wp\/v2\/posts\/19004\/revisions\/19007"}],"wp:featuredmedia":[{"embeddable":true,"href":"https:\/\/zonaroja.com.mx\/index.php?rest_route=\/wp\/v2\/media\/19005"}],"wp:attachment":[{"href":"https:\/\/zonaroja.com.mx\/index.php?rest_route=%2Fwp%2Fv2%2Fmedia&parent=19004"}],"wp:term":[{"taxonomy":"category","embeddable":true,"href":"https:\/\/zonaroja.com.mx\/index.php?rest_route=%2Fwp%2Fv2%2Fcategories&post=19004"},{"taxonomy":"post_tag","embeddable":true,"href":"https:\/\/zonaroja.com.mx\/index.php?rest_route=%2Fwp%2Fv2%2Ftags&post=19004"}],"curies":[{"name":"wp","href":"https:\/\/api.w.org\/{rel}","templated":true}]}}