{"id":19014,"date":"2020-10-19T22:25:55","date_gmt":"2020-10-20T03:25:55","guid":{"rendered":"http:\/\/www.zonaroja.com.mx\/?p=19014"},"modified":"2020-10-19T22:25:59","modified_gmt":"2020-10-20T03:25:59","slug":"reciben-al-titular-de-la-segego-con-10-bloqueos-y-protestas-en-oaxaca","status":"publish","type":"post","link":"https:\/\/zonaroja.com.mx\/?p=19014","title":{"rendered":"Reciben al titular de la Segego con 10 bloqueos y protestas en Oaxaca"},"content":{"rendered":"\n<p>Redacci\u00f3n\/Zona Roja.<\/p>\n\n\n\n<p>Oaxaca de Ju\u00e1rez, Oax., 19 de octubre de 2020.- El nuevo titular de la Secretar\u00eda General de Gobierno, Francisco Garc\u00eda L\u00f3pez, fue recibido hoy con al menos diez bloqueos y protestas, cuatro de ellos en la capital, tres en Valles Centrales y tres en el Istmo de Tehuantepec.<\/p>\n\n\n\n<p>La mayor\u00eda de ellos no recibieron atenci\u00f3n por parte de los responsables de la pol\u00edtica interna de la entidad; por lo que ma\u00f1ana, las movilizaciones se incrementar\u00e1n.<\/p>\n\n\n\n<p>En la regi\u00f3n del Istmo, permanece uno de los tres bloqueos, en la v\u00eda federal 200, jurisdicci\u00f3n de Santa Gertrudis Miramar, Santo Domingo Tehuantepec, cuyos pobladores desde la semana pasada exigen apoyos para viviendas siniestradas por los fen\u00f3menos naturales.<\/p>\n\n\n\n<p>Fueron retirados los bloqueos que padres de familia colocaron casi todo el d\u00eda en la v\u00eda Trans\u00edstmica de Mat\u00edas Romero Avenda\u00f1o, por parte de pobladores de La Barre\u00f1a, Santa Mar\u00eda Petapa, quienes denuncian presuntos actos de corrupci\u00f3n en la escuela primaria.<\/p>\n\n\n\n<p>Tambi\u00e9n estudiantes normalistas de la zona istme\u00f1a se apoderaron por unas horas de la caseta de peaje en inmediaciones de Ciudad Ixtepec, sobre la supercarretera Salina Cruz-La Ventosa.<\/p>\n\n\n\n<p>En tanto, esta noche fue retirado tambi\u00e9n el bloqueo que durante todo el d\u00eda permaneci\u00f3 en la carretera federal 175, Oaxaca-Puerto \u00c1ngel, por parte de pobladores de Magdalena Ocotl\u00e1n.<\/p>\n\n\n\n<figure class=\"wp-block-embed-twitter wp-block-embed is-type-rich is-provider-twitter\"><div class=\"wp-block-embed__wrapper\">\n<div class=\"twitter-tweet\"><blockquote class=\"twitter-tweet\" data-lang=\"es\"><p lang=\"es\" dir=\"ltr\"><a href=\"https:\/\/twitter.com\/hashtag\/%C3%9AltimoMinuto?src=hash&amp;ref_src=twsrc%5Etfw\">#\u00daltimoMinuto<\/a> <br>Sin atenci\u00f3n tambi\u00e9n, los estudiantes normalistas de diversos planteles, que bloquean los accesos carreteros a la ciudad de Puebla y M\u00e9xico, en jurisdicci\u00f3n de San Pablo, Etla, Oaxaca. <br>Ni la <a href=\"https:\/\/twitter.com\/SEGEGO_GobOax?ref_src=twsrc%5Etfw\">@SEGEGO_GobOax<\/a> ni el <a href=\"https:\/\/twitter.com\/IEEPOGobOax?ref_src=twsrc%5Etfw\">@IEEPOGobOax<\/a> quieren escuchar a los inconformes. <a href=\"https:\/\/t.co\/W8z9EPUGo0\">pic.twitter.com\/W8z9EPUGo0<\/a><\/p>&mdash; Zona Roja Oaxaca (@MexRoja) <a href=\"https:\/\/twitter.com\/MexRoja\/status\/1318291388962832385?ref_src=twsrc%5Etfw\">19 de octubre de 2020<\/a><\/blockquote><\/div>\n<\/div><\/figure>\n\n\n\n<p>En la ciudad de Oaxaca, militantes del Consejo Ind\u00edgena Popular de Oaxaca iniciaron la jornada desde temprana hora, con bloqueos a la avenida Ju\u00e1rez, el Palacio de Gobierno y la calle Pino Su\u00e1rez; s\u00f3lo en este \u00faltimo punto retiraron su manifestaci\u00f3n.<\/p>\n\n\n\n<p>En tanto que los estudiantes del Centro Regional de Educaci\u00f3n Normal de Oaxaca se apoderaron desde la ma\u00f1ana de varios autobuses del transporte urbano para trasladarse al acceso a la supercarretera Oaxaca-Cuacnopalan, donde estuvieron todo el d\u00eda.<\/p>\n\n\n\n<p>Por la ma\u00f1ana un grupo de trabajadores afiliados al sindicato de bur\u00f3cratas del Gobierno del Estado, efectu\u00f3 una marcha al norte de la ciudad, para exigir prestaciones a su dirigencia sindical y a las autoridades. <\/p>\n\n\n\n<p>A temprana hora tambi\u00e9n, un grupo de pobladores de Asunci\u00f3n Nochixtl\u00e1n se apoder\u00f3 por unas horas de la caseta de peaje Huitzo, de la supercarretera citada.<\/p>\n\n\n\n<p>En todos los casos, no hubo ning\u00fan pronunciamiento ni informaci\u00f3n por parte del nuevo responsable de la Segego.<\/p>\n\n\n\n<figure class=\"wp-block-embed-twitter wp-block-embed is-type-rich is-provider-twitter\"><div class=\"wp-block-embed__wrapper\">\n<div class=\"twitter-tweet\"><blockquote class=\"twitter-tweet\" data-lang=\"es\"><p lang=\"es\" dir=\"ltr\"><a href=\"https:\/\/twitter.com\/hashtag\/%C3%9AltimoMinuto?src=hash&amp;ref_src=twsrc%5Etfw\">#\u00daltimoMinuto<\/a> <br>Por segunda semana consecutiva, estudiantes normalistas realizan protestas contra el <a href=\"https:\/\/twitter.com\/IEEPOGobOax?ref_src=twsrc%5Etfw\">@IEEPOGobOax<\/a>, que se niega a dar respuesta a sus demandas. <br>Ahora bloquean la entrada a la supercarretera Oaxaca-Cuacnopalan. <a href=\"https:\/\/t.co\/ZC9qbRxI8b\">pic.twitter.com\/ZC9qbRxI8b<\/a><\/p>&mdash; Zona Roja Oaxaca (@MexRoja) <a href=\"https:\/\/twitter.com\/MexRoja\/status\/1318230383901741059?ref_src=twsrc%5Etfw\">19 de octubre de 2020<\/a><\/blockquote><\/div>\n<\/div><\/figure>\n","protected":false},"excerpt":{"rendered":"<p>Redacci\u00f3n\/Zona Roja. Oaxaca de Ju\u00e1rez, Oax., 19 de octubre de 2020.- El nuevo titular de&hellip;<\/p>\n","protected":false},"author":2,"featured_media":19015,"comment_status":"closed","ping_status":"open","sticky":false,"template":"","format":"standard","meta":{"_lmt_disableupdate":"","_lmt_disable":"","_jetpack_memberships_contains_paid_content":false,"footnotes":""},"categories":[109,47],"tags":[2122],"class_list":["post-19014","post","type-post","status-publish","format-standard","has-post-thumbnail","hentry","category-minuto-a-minuto","category-zona-gris","tag-francisco-garcia-lopez"],"jetpack_featured_media_url":"https:\/\/zonaroja.com.mx\/wp-content\/uploads\/2020\/10\/Bloqueo-Istmo.jpg","jetpack_sharing_enabled":true,"_links":{"self":[{"href":"https:\/\/zonaroja.com.mx\/index.php?rest_route=\/wp\/v2\/posts\/19014","targetHints":{"allow":["GET"]}}],"collection":[{"href":"https:\/\/zonaroja.com.mx\/index.php?rest_route=\/wp\/v2\/posts"}],"about":[{"href":"https:\/\/zonaroja.com.mx\/index.php?rest_route=\/wp\/v2\/types\/post"}],"author":[{"embeddable":true,"href":"https:\/\/zonaroja.com.mx\/index.php?rest_route=\/wp\/v2\/users\/2"}],"replies":[{"embeddable":true,"href":"https:\/\/zonaroja.com.mx\/index.php?rest_route=%2Fwp%2Fv2%2Fcomments&post=19014"}],"version-history":[{"count":1,"href":"https:\/\/zonaroja.com.mx\/index.php?rest_route=\/wp\/v2\/posts\/19014\/revisions"}],"predecessor-version":[{"id":19016,"href":"https:\/\/zonaroja.com.mx\/index.php?rest_route=\/wp\/v2\/posts\/19014\/revisions\/19016"}],"wp:featuredmedia":[{"embeddable":true,"href":"https:\/\/zonaroja.com.mx\/index.php?rest_route=\/wp\/v2\/media\/19015"}],"wp:attachment":[{"href":"https:\/\/zonaroja.com.mx\/index.php?rest_route=%2Fwp%2Fv2%2Fmedia&parent=19014"}],"wp:term":[{"taxonomy":"category","embeddable":true,"href":"https:\/\/zonaroja.com.mx\/index.php?rest_route=%2Fwp%2Fv2%2Fcategories&post=19014"},{"taxonomy":"post_tag","embeddable":true,"href":"https:\/\/zonaroja.com.mx\/index.php?rest_route=%2Fwp%2Fv2%2Ftags&post=19014"}],"curies":[{"name":"wp","href":"https:\/\/api.w.org\/{rel}","templated":true}]}}