{"id":19017,"date":"2020-10-20T07:33:38","date_gmt":"2020-10-20T12:33:38","guid":{"rendered":"http:\/\/www.zonaroja.com.mx\/?p=19017"},"modified":"2020-10-20T08:37:07","modified_gmt":"2020-10-20T13:37:07","slug":"identifican-a-5-ejecutados-eran-de-veracruz-y-fueron-tirados-en-oaxaca","status":"publish","type":"post","link":"https:\/\/zonaroja.com.mx\/?p=19017","title":{"rendered":"Identifican a los 5 ejecutados; eran de Jes\u00fas Carranza, Veracruz"},"content":{"rendered":"\n<p>Redacci\u00f3n\/Zona Roja.<\/p>\n\n\n\n<p>Oaxaca de Ju\u00e1rez, Oax., Las cinco personas asesinadas el domingo ten\u00edan su domicilio en el estado de Veracruz y los cuerpos tirados en territorio de la misma entidad.<\/p>\n\n\n\n<p>De acuerdo con la Fiscal\u00eda General del estado vecino, fueron identificados como C\u00e9sar Leonardo Reyes Ram\u00edrez, de 31 a\u00f1os de edad y originario de Guatemala; Yoshio Garc\u00eda Gallegos, de 42 a\u00f1os, de Salina Cruz y con domicilio en el municipio de Jes\u00fas Carranza.<\/p>\n\n\n\n<p>Tambi\u00e9n, Josu\u00e9 V\u00e1squez Ram\u00edrez, de 26 a\u00f1os, ex polic\u00eda municipal en Jes\u00fas Carranza, y su esposa Yadira del Carmen O. M., de 32 a\u00f1os, as\u00ed como Gamaliel Castillo Narciso, de 35 a\u00f1os de edad.<\/p>\n\n\n\n<p>Fueron \u201clevantados\u201d el pasado s\u00e1bado 17 de octubre en Jes\u00fas Carranza; Josu\u00e9 y Yadira fueron sacados de su domicilio y los otros tres fueron sacados de una fiesta de 15 a\u00f1os.<\/p>\n\n\n\n<p>La tarde del domingo, personal de Servicios Periciales de la Fiscal\u00eda General de Veracruz realiz\u00f3 el levantamiento de los cuerpos, en un camino de terracer\u00eda colindante con El Para\u00edso, localidad de San Juan Cotzoc\u00f3n Mixe, y llevados al descanso municipal de Jes\u00fas Carranza, Veracruz.<\/p>\n","protected":false},"excerpt":{"rendered":"<p>Redacci\u00f3n\/Zona Roja. Oaxaca de Ju\u00e1rez, Oax., Las cinco personas asesinadas el domingo ten\u00edan su domicilio&hellip;<\/p>\n","protected":false},"author":2,"featured_media":19018,"comment_status":"closed","ping_status":"open","sticky":false,"template":"","format":"standard","meta":{"_lmt_disableupdate":"","_lmt_disable":"","_jetpack_memberships_contains_paid_content":false,"footnotes":""},"categories":[109,51],"tags":[99],"class_list":["post-19017","post","type-post","status-publish","format-standard","has-post-thumbnail","hentry","category-minuto-a-minuto","category-zona-roja","tag-veracruz"],"jetpack_featured_media_url":"https:\/\/zonaroja.com.mx\/wp-content\/uploads\/2020\/10\/Ejecutados-Oaxaca-Veracruz.jpg","jetpack_sharing_enabled":true,"_links":{"self":[{"href":"https:\/\/zonaroja.com.mx\/index.php?rest_route=\/wp\/v2\/posts\/19017","targetHints":{"allow":["GET"]}}],"collection":[{"href":"https:\/\/zonaroja.com.mx\/index.php?rest_route=\/wp\/v2\/posts"}],"about":[{"href":"https:\/\/zonaroja.com.mx\/index.php?rest_route=\/wp\/v2\/types\/post"}],"author":[{"embeddable":true,"href":"https:\/\/zonaroja.com.mx\/index.php?rest_route=\/wp\/v2\/users\/2"}],"replies":[{"embeddable":true,"href":"https:\/\/zonaroja.com.mx\/index.php?rest_route=%2Fwp%2Fv2%2Fcomments&post=19017"}],"version-history":[{"count":2,"href":"https:\/\/zonaroja.com.mx\/index.php?rest_route=\/wp\/v2\/posts\/19017\/revisions"}],"predecessor-version":[{"id":19022,"href":"https:\/\/zonaroja.com.mx\/index.php?rest_route=\/wp\/v2\/posts\/19017\/revisions\/19022"}],"wp:featuredmedia":[{"embeddable":true,"href":"https:\/\/zonaroja.com.mx\/index.php?rest_route=\/wp\/v2\/media\/19018"}],"wp:attachment":[{"href":"https:\/\/zonaroja.com.mx\/index.php?rest_route=%2Fwp%2Fv2%2Fmedia&parent=19017"}],"wp:term":[{"taxonomy":"category","embeddable":true,"href":"https:\/\/zonaroja.com.mx\/index.php?rest_route=%2Fwp%2Fv2%2Fcategories&post=19017"},{"taxonomy":"post_tag","embeddable":true,"href":"https:\/\/zonaroja.com.mx\/index.php?rest_route=%2Fwp%2Fv2%2Ftags&post=19017"}],"curies":[{"name":"wp","href":"https:\/\/api.w.org\/{rel}","templated":true}]}}