{"id":19026,"date":"2020-10-20T11:51:34","date_gmt":"2020-10-20T16:51:34","guid":{"rendered":"https:\/\/www.zonaroja.com.mx\/?p=19026"},"modified":"2020-10-20T11:51:37","modified_gmt":"2020-10-20T16:51:37","slug":"en-dia-laboral-funcionarios-priistas-de-oaxaca-celebran-triunfos-de-coahuila-e-hidalgo","status":"publish","type":"post","link":"https:\/\/zonaroja.com.mx\/?p=19026","title":{"rendered":"En d\u00eda laboral, funcionarios priistas de Oaxaca celebran triunfos de Coahuila e Hidalgo"},"content":{"rendered":"\n<p class=\"MsoNormal\">Yuridiana Sosa\/Zona Roja.  Foto: Tv Bus<\/p>\n\n\n\n<p class=\"MsoNormal\">San Juan Bautista Tuxtepec, Oax., 20 de octubre de 2020.- El mensaje del gobernador Alejandro Murat de evitar eventos masivos por la contingencia, se lo pasaron por alto sus funcionarios estatales, diputados, presidentes municipales del PRI, que celebraron en Tuxtepec el triunfo electoral del partido en Coahuila e Hidalgo.<\/p>\n\n\n\n<p class=\"MsoNormal\">La tarde de <a href=\"\/\/1\">este lunes<\/a>, arribaron a la regi\u00f3n de la Cuenca la dirigencia estatal del Partido Revolucionario Institucional (PRI) para reunirse con la militancia de la zona norte del estado, en el jard\u00edn de un sal\u00f3n de eventos sociales en San Juan Bautista Tuxtepec.<\/p>\n\n\n\n<p class=\"MsoNormal\">Por m\u00e1s de una hora, cientos de priistas vitorearon el triunfo ajeno. La mayor\u00eda de los asistentes portaron cubrebocas, en un espacio abierto, pero que el protagonismo gan\u00f3 en la mesa de pres\u00eddium donde los l\u00edderes priistas se aglomeraron. <\/p>\n\n\n\n<p class=\"MsoNormal\">El acto lo encabez\u00f3 el presidente del organismo, Eduardo Rojas y la secretaria general, Amairani Morales Valenzuela, oriunda de Tuxtepec.<\/p>\n\n\n\n<p class=\"MsoNormal\">\u201cNo bajemos la guardia, he visto qu\u00e9 hay un rebrote en el estado, por eso he tomado la determinaci\u00f3n de cancelar todos los eventos p\u00fablicos de d\u00eda de muertos (\u2026), quiero reiterarte a ti que lo \u00fanico que funciona es usar cubrebocas en todo momento lavado de manos y distanciamiento social\u201d, fue parte del mensaje que el domingo emiti\u00f3 el mandatario Alejandro Murat, de extracci\u00f3n priista.<\/p>\n\n\n\n<p class=\"MsoNormal\">Para celebrar al PRI, poco import\u00f3 el llamado de sus propios funcionarios. En la reuni\u00f3n estuvieron presentes el Coordinador de Giras, Jorge Illescas Delgado; el titular de la Coordinaci\u00f3n Estatal de Protecci\u00f3n Civil de Oaxaca (CEPCO), Antonio Amaro Cansino; Gabriel Navarro Cu\u00e9, titular de Sedapa; todos originarios de la regi\u00f3n.<\/p>\n\n\n\n<p class=\"MsoNormal\">Tampoco falt\u00f3 el diputado local Gustavo D\u00edaz S\u00e1nchez y Alejandro Avil\u00e9s \u00c1lvarez, originarios de la Cuenca. Tambi\u00e9n asisti\u00f3 el presidente de Loma Bonita, Raymundo Rivera; Antonio Nazario, edil de San Miguel Soyaltepec, entre otros funcionarios locales.<\/p>\n\n\n\n<p class=\"MsoNormal\">A la actividad asistieron personas de los municipios de Cosolapa, San Pedro Ixcatl\u00e1n, San Jos\u00e9 Independencia, Acatl\u00e1n de P\u00e9rez Figueroa, Loma Bonita, San Miguel Soyaltepec, San Jos\u00e9 Chiltepec, Santa Maria Jacatepec, Tuxtepec, Jalapa de D\u00edaz y hasta de Chiltoltla y Tenango.<\/p>\n\n\n\n<p class=\"MsoNormal\">&nbsp;\u201cHoy tenemos una responsabilidad y debemos actuar con responsabilidad, pero no debemos ignorar el partido del que venimos\u201d, dijo Amaro Cancino en referencia a su cargo en el gobierno.<\/p>\n\n\n\n<p class=\"MsoNormal\">El funcionario agreg\u00f3: \u201cEn Oaxaca tenemos un gobernador ejemplar, un pol\u00edtico de talla nacional y que tenemos que tener la mira que entrar\u00e1 al escenario nacional en pocos a\u00f1os y tenemos que estar preparados, estar organizados y lo m\u00e1s importante, unidos\u201d.<\/p>\n\n\n\n<p class=\"MsoNormal\">En el evento pronosticaron triunfos recuperando espacios que perdieron en la jornada electoral anterior y llamaron a la militancia a continuar trabajando, pese a la pandemia.<\/p>\n","protected":false},"excerpt":{"rendered":"<p>Yuridiana Sosa\/Zona Roja. Foto: Tv Bus San Juan Bautista Tuxtepec, Oax., 20 de octubre de&hellip;<\/p>\n","protected":false},"author":2,"featured_media":19025,"comment_status":"closed","ping_status":"open","sticky":false,"template":"","format":"standard","meta":{"_lmt_disableupdate":"","_lmt_disable":"","_jetpack_memberships_contains_paid_content":false,"footnotes":""},"categories":[1,47],"tags":[],"class_list":["post-19026","post","type-post","status-publish","format-standard","has-post-thumbnail","hentry","category-sin-categoria","category-zona-gris"],"jetpack_featured_media_url":"https:\/\/zonaroja.com.mx\/wp-content\/uploads\/2020\/10\/b55fc733-c3ab-4f33-9ac4-2a0759f458d2.jpg","jetpack_sharing_enabled":true,"_links":{"self":[{"href":"https:\/\/zonaroja.com.mx\/index.php?rest_route=\/wp\/v2\/posts\/19026","targetHints":{"allow":["GET"]}}],"collection":[{"href":"https:\/\/zonaroja.com.mx\/index.php?rest_route=\/wp\/v2\/posts"}],"about":[{"href":"https:\/\/zonaroja.com.mx\/index.php?rest_route=\/wp\/v2\/types\/post"}],"author":[{"embeddable":true,"href":"https:\/\/zonaroja.com.mx\/index.php?rest_route=\/wp\/v2\/users\/2"}],"replies":[{"embeddable":true,"href":"https:\/\/zonaroja.com.mx\/index.php?rest_route=%2Fwp%2Fv2%2Fcomments&post=19026"}],"version-history":[{"count":1,"href":"https:\/\/zonaroja.com.mx\/index.php?rest_route=\/wp\/v2\/posts\/19026\/revisions"}],"predecessor-version":[{"id":19027,"href":"https:\/\/zonaroja.com.mx\/index.php?rest_route=\/wp\/v2\/posts\/19026\/revisions\/19027"}],"wp:featuredmedia":[{"embeddable":true,"href":"https:\/\/zonaroja.com.mx\/index.php?rest_route=\/wp\/v2\/media\/19025"}],"wp:attachment":[{"href":"https:\/\/zonaroja.com.mx\/index.php?rest_route=%2Fwp%2Fv2%2Fmedia&parent=19026"}],"wp:term":[{"taxonomy":"category","embeddable":true,"href":"https:\/\/zonaroja.com.mx\/index.php?rest_route=%2Fwp%2Fv2%2Fcategories&post=19026"},{"taxonomy":"post_tag","embeddable":true,"href":"https:\/\/zonaroja.com.mx\/index.php?rest_route=%2Fwp%2Fv2%2Ftags&post=19026"}],"curies":[{"name":"wp","href":"https:\/\/api.w.org\/{rel}","templated":true}]}}