{"id":19028,"date":"2020-10-20T16:35:30","date_gmt":"2020-10-20T21:35:30","guid":{"rendered":"http:\/\/www.zonaroja.com.mx\/?p=19028"},"modified":"2020-10-20T16:35:35","modified_gmt":"2020-10-20T21:35:35","slug":"firme-ley-antichatarra-de-oaxaca-revoca-poder-judicial-amparo-de-empresa-dulcera","status":"publish","type":"post","link":"https:\/\/zonaroja.com.mx\/?p=19028","title":{"rendered":"Firme, ley \u00abantichatarra\u00bb de Oaxaca; revoca Poder Judicial amparo de empresa dulcera"},"content":{"rendered":"\n<p>Redacci\u00f3n\/Zona Roja.<\/p>\n\n\n\n<p>Oaxaca de Ju\u00e1rez, Oax. 20 de octubre de 2020.- El Poder Judicial de la Federaci\u00f3n desech\u00f3 el amparo promovido por una empresa distribuidora de dulces, con lo cual qued\u00f3 firme la denominada ley \u201cantichatarra\u201d de Oaxaca.<\/p>\n\n\n\n<p>La diputada Magaly L\u00f3pez Dom\u00ednguez reconoci\u00f3 la sensibilidad y compromiso por la salud de la ni\u00f1ez oaxaque\u00f1a, que refrend\u00f3 el \u00f3rgano federal.<\/p>\n\n\n\n<p>Lo anterior, al impedir que se ejecutar\u00e1 el amparo otorgado por un juez de distrito a una empresa distribuidora de dulces, recurso legal con el que pretend\u00eda evadir las nuevas disposiciones establecidas en el Art\u00edculo 20 Bis a la Ley de los Derechos de Ni\u00f1as, Ni\u00f1os y adolescentes del Estado de Oaxaca, que&nbsp; proh\u00edbe&nbsp; la venta, regalo, y suministro a menores de edad de bebidas azucaradas y alimentos envasados de alto contenido cal\u00f3rico.<\/p>\n\n\n\n<p>Detall\u00f3 que la resoluci\u00f3n sobre el juicio 570\/2020, del Juzgado del Tercer Distrito en el estado, expone que&nbsp; se consider\u00f3 necesario negar la suspensi\u00f3n provisional solicitada, debido a que contraviene disposiciones de orden p\u00fablico y de inter\u00e9s social, toda vez que se permite el incumplimiento de una norma jur\u00eddica.<\/p>\n\n\n\n<p>Indic\u00f3 que este hecho, representa un gran avance en la lucha para erradicar el gran problema de salud p\u00fablica que son: la obesidad y diabetes en las ni\u00f1as y ni\u00f1os.<\/p>\n\n\n\n<p>Mencion\u00f3 que en datos de la Secretar\u00eda de Salud, uno de cada tres ni\u00f1os padece problemas de sobrepeso, lo que deriva en este tipo de enfermedades cr\u00f3nico degenerativas.<\/p>\n\n\n\n<p>En este sentido, la diputada Magaly L\u00f3pez Dom\u00ednguez, agradeci\u00f3 el apoyo y&nbsp; participaci\u00f3n por parte de&nbsp; la ciudadan\u00eda en la construcci\u00f3n de esta medida jur\u00eddica, y destac\u00f3 que en todo momento se escucharon las posturas del sector empresarial, con la finalidad de puntualizar que esta ley no atenta contra los peque\u00f1os comercios que expenden refrescos y alimentos con alto contenido cal\u00f3rico.<\/p>\n\n\n\n<p>Cabe mencionar que las nuevas disposiciones del Art\u00edculo 20 Bis a la Ley de los Derechos de Ni\u00f1as, Ni\u00f1os y Adolescentes del Estado de Oaxaca, fueron aprobadas por la 64 Legislatura del Congreso Local, el pasado 5 de agosto y entr\u00f3 en vigor el d\u00eda el 5 de septiembre del presente a\u00f1o.<\/p>\n","protected":false},"excerpt":{"rendered":"<p>Redacci\u00f3n\/Zona Roja. Oaxaca de Ju\u00e1rez, Oax. 20 de octubre de 2020.- El Poder Judicial de&hellip;<\/p>\n","protected":false},"author":2,"featured_media":19029,"comment_status":"closed","ping_status":"open","sticky":false,"template":"","format":"standard","meta":{"_lmt_disableupdate":"","_lmt_disable":"","_jetpack_memberships_contains_paid_content":false,"footnotes":""},"categories":[109,46],"tags":[192],"class_list":["post-19028","post","type-post","status-publish","format-standard","has-post-thumbnail","hentry","category-minuto-a-minuto","category-zona-blanca","tag-diputada-magaly-lopez-dominguez"],"jetpack_featured_media_url":"https:\/\/zonaroja.com.mx\/wp-content\/uploads\/2020\/10\/Magaly-Lopez-D..jpg","jetpack_sharing_enabled":true,"_links":{"self":[{"href":"https:\/\/zonaroja.com.mx\/index.php?rest_route=\/wp\/v2\/posts\/19028","targetHints":{"allow":["GET"]}}],"collection":[{"href":"https:\/\/zonaroja.com.mx\/index.php?rest_route=\/wp\/v2\/posts"}],"about":[{"href":"https:\/\/zonaroja.com.mx\/index.php?rest_route=\/wp\/v2\/types\/post"}],"author":[{"embeddable":true,"href":"https:\/\/zonaroja.com.mx\/index.php?rest_route=\/wp\/v2\/users\/2"}],"replies":[{"embeddable":true,"href":"https:\/\/zonaroja.com.mx\/index.php?rest_route=%2Fwp%2Fv2%2Fcomments&post=19028"}],"version-history":[{"count":1,"href":"https:\/\/zonaroja.com.mx\/index.php?rest_route=\/wp\/v2\/posts\/19028\/revisions"}],"predecessor-version":[{"id":19030,"href":"https:\/\/zonaroja.com.mx\/index.php?rest_route=\/wp\/v2\/posts\/19028\/revisions\/19030"}],"wp:featuredmedia":[{"embeddable":true,"href":"https:\/\/zonaroja.com.mx\/index.php?rest_route=\/wp\/v2\/media\/19029"}],"wp:attachment":[{"href":"https:\/\/zonaroja.com.mx\/index.php?rest_route=%2Fwp%2Fv2%2Fmedia&parent=19028"}],"wp:term":[{"taxonomy":"category","embeddable":true,"href":"https:\/\/zonaroja.com.mx\/index.php?rest_route=%2Fwp%2Fv2%2Fcategories&post=19028"},{"taxonomy":"post_tag","embeddable":true,"href":"https:\/\/zonaroja.com.mx\/index.php?rest_route=%2Fwp%2Fv2%2Ftags&post=19028"}],"curies":[{"name":"wp","href":"https:\/\/api.w.org\/{rel}","templated":true}]}}