{"id":19031,"date":"2020-10-20T18:01:42","date_gmt":"2020-10-20T23:01:42","guid":{"rendered":"http:\/\/www.zonaroja.com.mx\/?p=19031"},"modified":"2020-10-20T18:01:47","modified_gmt":"2020-10-20T23:01:47","slug":"desdena-gobierno-de-oaxaca-a-dirigentes-de-antorcha-de-cinco-estados-del-pais","status":"publish","type":"post","link":"https:\/\/zonaroja.com.mx\/?p=19031","title":{"rendered":"Desde\u00f1a gobierno de Oaxaca a dirigentes de Antorcha de cinco estados del pa\u00eds"},"content":{"rendered":"\n<p>Yuridiana Sosa\/Zona Roja.<\/p>\n\n\n\n<p>Oaxaca de Ju\u00e1rez, Oax., 20 de octubre de 2020.- Por lo que consideran complicidad e impunidad de la Fiscal\u00eda General de Oaxaca y la Secretar\u00eda General de Gobierno (Segeo) para solucionar el conflicto en Santo Domingo Yoso\u00f1ama y aplicar justicia, dirigentes nacionales de la organizaci\u00f3n Antorcha Campesina solicitaron audiencia con el gobernador de Oaxaca. Y no fueron atendidos.<\/p>\n\n\n\n<p>Representantes de estados de la zona centro sur de M\u00e9xico, como son Puebla, Veracruz, Guerrero, Tlaxcala y Oaxaca, ofrecieron hoy una conferencia de prensa para reiterar su exigencia de justicia por al menos una treintena de personas fallecidas por el conflicto agrario con San Juan Mixtepec.<\/p>\n\n\n\n<p>Manifestaron la visible impunidad para atender y resolver el problema agrario que existe en la regi\u00f3n Mixteca entre las comunidades de Santo Domingo Yoso\u00f1ama y San Juan Mixtepec.<\/p>\n\n\n\n<p>El coordinador Regional Centro Sur del Movimiento Antorchista, Juan Celis Aguirre, indic\u00f3 que es incapacidad de la Fiscal\u00eda General del Oaxaca y su complicidad con el pueblo de Mixtepec, as\u00ed como la falta de atenci\u00f3n directa del mandatario estatal a los habitantes de Yoso\u00f1ama lo que convoc\u00f3 a la concentraci\u00f3n de la fuerza antorchista.<\/p>\n\n\n\n<p>Previo al hecho del pasado 5 de octubre donde tres habitantes de Santo Domingo fueron acribillados presuntamente por sus vecinos de Mixtepec, se le advirti\u00f3 a la Segego de invasiones; sin embargo, en este como en otros casos no ha faltado la intervenci\u00f3n oportunidad para garantizar la paz y la seguridad en la zona.<\/p>\n\n\n\n<p>Los dirigentes de otros estados demandaron al gobernador de Oaxaca, Alejandro Murat, una audiencia con la representaci\u00f3n del pueblo de Yoso\u00f1ama.<\/p>\n\n\n\n<figure class=\"wp-block-embed-twitter wp-block-embed is-type-rich is-provider-twitter\"><div class=\"wp-block-embed__wrapper\">\n<div class=\"twitter-tweet\"><blockquote class=\"twitter-tweet\" data-lang=\"es\"><p lang=\"es\" dir=\"ltr\"><a href=\"https:\/\/twitter.com\/hashtag\/ENVIVO?src=hash&amp;ref_src=twsrc%5Etfw\">#ENVIVO<\/a><br>Oaxaca de Ju\u00e1rez, Oax., 20 de octubre de 2020.- Conferencia de prensa del movimiento Antorcha Campesina, ante cr\u00edmenes impunes en la regi\u00f3n Mixteca de Oaxaca. Acusan indolencia del <a href=\"https:\/\/twitter.com\/GoBox?ref_src=twsrc%5Etfw\">@gobox<\/a>. <br><br>Aqu\u00ed la transmisi\u00f3n <br>\ud83d\udc47<a href=\"https:\/\/t.co\/HPyMq1DxlK\">https:\/\/t.co\/HPyMq1DxlK<\/a> <a href=\"https:\/\/t.co\/zzq7Zs82qt\">pic.twitter.com\/zzq7Zs82qt<\/a><\/p>&mdash; Zona Roja Oaxaca (@MexRoja) <a href=\"https:\/\/twitter.com\/MexRoja\/status\/1318603282403688455?ref_src=twsrc%5Etfw\">20 de octubre de 2020<\/a><\/blockquote><\/div>\n<\/div><\/figure>\n\n\n\n<p>\u201cEl gobierno tiene toda la obligaci\u00f3n de recibir a los ciudadanos&#8230;inveros\u00edmilmente no ha querido recibir, ni atender a los compa\u00f1eros, si no se tiende a la comisi\u00f3n, a la voz del pueblo para que haya ya acci\u00f3n clara de contener la violencia no nos vamos a quedar con los brazos cruzados y vamos a tener una movilizaci\u00f3n serie, importante\u201d, advirtieron los l\u00edderes de Antorcha Campesina.<\/p>\n\n\n\n<p>Indicaron que insistir\u00e1n por la manera pac\u00edfica en el di\u00e1logo, pero si no dejan otra opci\u00f3n comenzar\u00e1n con movilizaciones regionales que se pueden incrementar a lo nacional.<\/p>\n\n\n\n<p>Tras la conferencia efectuada en un restaurante del centro de la ciudad, acudieron a la puerta principal del Palacio de Gobierno de Oaxaca para entregar el documento de audiencia; sin embargo no fueron atendidos. \u201cVenimos a entregar un documento de manera formal, no hay nadie que nos reciba, nos retiramos lamentando que no hay en el gobierno quien atienda esta problem\u00e1tica tan complicada\u201d, dijo Dimas Romero.<\/p>\n\n\n\n<figure class=\"wp-block-embed-twitter wp-block-embed is-type-rich is-provider-twitter\"><div class=\"wp-block-embed__wrapper\">\n<div class=\"twitter-tweet\"><blockquote class=\"twitter-tweet\" data-lang=\"es\"><p lang=\"es\" dir=\"ltr\"><a href=\"https:\/\/twitter.com\/hashtag\/%C3%9AltimaHora?src=hash&amp;ref_src=twsrc%5Etfw\">#\u00daltimaHora<\/a> <br>Y no hay nadie quien atienda en el Palacio del <a href=\"https:\/\/twitter.com\/GobOax?ref_src=twsrc%5Etfw\">@goboax<\/a>. Representantes de Guerrero, Puebla, Tlaxcala, Veracruz y Oaxaca de <a href=\"https:\/\/twitter.com\/AntorchaOficial?ref_src=twsrc%5Etfw\">@AntorchaOficial<\/a>, lamentaron vac\u00edo de autoridad, que abona impunidad en cr\u00edmenes. <a href=\"https:\/\/t.co\/nxL9Zj3XiN\">pic.twitter.com\/nxL9Zj3XiN<\/a><\/p>&mdash; Zona Roja Oaxaca (@MexRoja) <a href=\"https:\/\/twitter.com\/MexRoja\/status\/1318676788864843776?ref_src=twsrc%5Etfw\">20 de octubre de 2020<\/a><\/blockquote><\/div>\n<\/div><\/figure>\n","protected":false},"excerpt":{"rendered":"<p>Yuridiana Sosa\/Zona Roja. Oaxaca de Ju\u00e1rez, Oax., 20 de octubre de 2020.- Por lo que&hellip;<\/p>\n","protected":false},"author":2,"featured_media":19032,"comment_status":"closed","ping_status":"open","sticky":false,"template":"","format":"standard","meta":{"_lmt_disableupdate":"","_lmt_disable":"","_jetpack_memberships_contains_paid_content":false,"footnotes":""},"categories":[109,47],"tags":[2082],"class_list":["post-19031","post","type-post","status-publish","format-standard","has-post-thumbnail","hentry","category-minuto-a-minuto","category-zona-gris","tag-antorcha-campesina-oaxaca"],"jetpack_featured_media_url":"https:\/\/zonaroja.com.mx\/wp-content\/uploads\/2020\/10\/Conferencia-Antorcha-Campesina.jpg","jetpack_sharing_enabled":true,"_links":{"self":[{"href":"https:\/\/zonaroja.com.mx\/index.php?rest_route=\/wp\/v2\/posts\/19031","targetHints":{"allow":["GET"]}}],"collection":[{"href":"https:\/\/zonaroja.com.mx\/index.php?rest_route=\/wp\/v2\/posts"}],"about":[{"href":"https:\/\/zonaroja.com.mx\/index.php?rest_route=\/wp\/v2\/types\/post"}],"author":[{"embeddable":true,"href":"https:\/\/zonaroja.com.mx\/index.php?rest_route=\/wp\/v2\/users\/2"}],"replies":[{"embeddable":true,"href":"https:\/\/zonaroja.com.mx\/index.php?rest_route=%2Fwp%2Fv2%2Fcomments&post=19031"}],"version-history":[{"count":1,"href":"https:\/\/zonaroja.com.mx\/index.php?rest_route=\/wp\/v2\/posts\/19031\/revisions"}],"predecessor-version":[{"id":19033,"href":"https:\/\/zonaroja.com.mx\/index.php?rest_route=\/wp\/v2\/posts\/19031\/revisions\/19033"}],"wp:featuredmedia":[{"embeddable":true,"href":"https:\/\/zonaroja.com.mx\/index.php?rest_route=\/wp\/v2\/media\/19032"}],"wp:attachment":[{"href":"https:\/\/zonaroja.com.mx\/index.php?rest_route=%2Fwp%2Fv2%2Fmedia&parent=19031"}],"wp:term":[{"taxonomy":"category","embeddable":true,"href":"https:\/\/zonaroja.com.mx\/index.php?rest_route=%2Fwp%2Fv2%2Fcategories&post=19031"},{"taxonomy":"post_tag","embeddable":true,"href":"https:\/\/zonaroja.com.mx\/index.php?rest_route=%2Fwp%2Fv2%2Ftags&post=19031"}],"curies":[{"name":"wp","href":"https:\/\/api.w.org\/{rel}","templated":true}]}}