{"id":19034,"date":"2020-10-20T19:40:07","date_gmt":"2020-10-21T00:40:07","guid":{"rendered":"http:\/\/www.zonaroja.com.mx\/?p=19034"},"modified":"2020-10-20T19:40:11","modified_gmt":"2020-10-21T00:40:11","slug":"bloqueos-y-protestas-se-acentuan-en-dia-dos-de-francisco-garcia-en-la-segego","status":"publish","type":"post","link":"https:\/\/zonaroja.com.mx\/?p=19034","title":{"rendered":"Bloqueos y protestas se acent\u00faan en d\u00eda dos de Francisco Garc\u00eda en la Segego"},"content":{"rendered":"\n<p>Yuridiana Sosa\/Zona Roja.<\/p>\n\n\n\n<p>Oaxaca de Ju\u00e1rez, Oax., 20 de octubre de 2020.- Las inconformidades de la poblaci\u00f3n por las desatenciones del gobierno de Oaxaca, reflejadas en movilizaciones, son incontenibles por las Secretar\u00eda General de Gobierno (Segego), ahora con Francisco Garc\u00eda L\u00f3pez al frente.<\/p>\n\n\n\n<p>Este martes, por segundo d\u00eda consecutivo, continuaron los bloqueos en la regi\u00f3n del Istmo y Valles Centrales, donde adem\u00e1s se efectuaron diversas manifestaciones, sin que se distinga un cambio en la dependencia encargada de la pol\u00edtica interna de la entidad.<\/p>\n\n\n\n<p>En la capital, el Consejo Ind\u00edgena Popular de Oaxaca \u201cRicardo Flores Mag\u00f3n\u201d (CIPO-RFM) mantuvo presi\u00f3n para que la mesa de di\u00e1logo con el gobernador Alejandro Murat se adelante a este mi\u00e9rcoles y agilicen atenciones interinstitucionales para temas de salud y educaci\u00f3n.<\/p>\n\n\n\n<p>Pero rompiendo parte de los acuerdos con la Segego para contener sus movilizaciones, la organizaci\u00f3n march\u00f3 por esta ma\u00f1ana por las principales calles del Centro Hist\u00f3rico y despu\u00e9s regres\u00f3 al z\u00f3calo donde rompieron las pi\u00f1atas con im\u00e1genes de autoridades estatales; despu\u00e9s, volvieron a su campamento en la calle de Bustamante, donde bloquean el acceso a Palacio de Gobierno.<\/p>\n\n\n\n<p>Otra manifestaci\u00f3n se registro en las oficinas de Bienestar, en Santa Luc\u00eda del Camino, hasta donde llegaron habitantes del municipio de Magdalena Ocotl\u00e1n con patrullas municipales para instalar un bloqueo en inmediaciones del crucero de las antiguas oficinas del IEEPO.<\/p>\n\n\n\n<p>Los pobladores de este municipio de Valles Centrales exigieron a la autoridad federal autorice proyectos para su poblaci\u00f3n y de esta forma, dicen, la Secretar\u00eda de Finanzas del gobierno estatal se los otorgue.<\/p>\n\n\n\n<p>El caos continu\u00f3 con integrantes de la Uni\u00f3n Ganadera de la Verde Antequera quienes tambi\u00e9n marcharon, del crucero del bulevar Eduardo Vasconcelos, a la colonia Reforma, contra el uso del arete por parte del Sistema Nacional de Identificaci\u00f3n Individual de Ganado (Siniiga).<\/p>\n\n\n\n<p>Mientras que dirigentes de la zona Regional Centro Sur del Movimiento Antorchista lanzaba un llamado ya advertencia al gobernador de Oaxaca.<\/p>\n\n\n\n<p>Los l\u00edderes de Antorcha Campesina de Puebla, Veracruz, Guerrero y Tlaxcala intervinieron en la vida pol\u00edtica de Oaxaca para auxiliar a su organizaci\u00f3n en Oaxaca en la exigencia de una mesa de di\u00e1logo con el gobernador del estado, Alejandro Murat, para abordar el conflicto entre Santo Domingo Yoso\u00f1ama y San Juan Mixtepec.<\/p>\n\n\n\n<p>Una comisi\u00f3n de la agrupaci\u00f3n arrib\u00f3 al Palacio de Gobierno para entregar la petici\u00f3n por escrito, mientras que el gobernador realizaba una gira por la regi\u00f3n de la Cuenca.<\/p>\n\n\n\n<figure class=\"wp-block-embed-twitter wp-block-embed is-type-rich is-provider-twitter\"><div class=\"wp-block-embed__wrapper\">\n<div class=\"twitter-tweet\"><blockquote class=\"twitter-tweet\" data-lang=\"es\"><p lang=\"es\" dir=\"ltr\"><a href=\"https:\/\/twitter.com\/hashtag\/%C3%9AltimaHora?src=hash&amp;ref_src=twsrc%5Etfw\">#\u00daltimaHora<\/a> <br>La nula atenci\u00f3n de la <a href=\"https:\/\/twitter.com\/SEGEGO_GobOax?ref_src=twsrc%5Etfw\">@SEGEGO_GobOax<\/a> que encabeza desde ayer <a href=\"https:\/\/twitter.com\/PacoPiza9?ref_src=twsrc%5Etfw\">@PacoPiza9<\/a>, gener\u00f3 de nuevo movilizaciones del CIPO, que golpea monigotes del \u201cvirusgobierno\u201d, entre ellos de <a href=\"https:\/\/twitter.com\/alejandromurat?ref_src=twsrc%5Etfw\">@alejandromurat<\/a> e <a href=\"https:\/\/twitter.com\/IvetteMurat?ref_src=twsrc%5Etfw\">@IvetteMurat<\/a>. <a href=\"https:\/\/t.co\/MPMZjCw7zo\">pic.twitter.com\/MPMZjCw7zo<\/a><\/p>&mdash; Zona Roja Oaxaca (@MexRoja) <a href=\"https:\/\/twitter.com\/MexRoja\/status\/1318652943034421248?ref_src=twsrc%5Etfw\">20 de octubre de 2020<\/a><\/blockquote><\/div>\n<\/div><\/figure>\n\n\n\n<p>ISTMO BLOQUEADO<\/p>\n\n\n\n<p>Por segundo d\u00eda consecutivo, pobladores de distintas comunidades continuaron con bloqueos en al menos cuatro puntos carreteros en la regi\u00f3n del Istmo.<\/p>\n\n\n\n<p>En Mat\u00edas Romero sobre carretera Trans\u00edstmica; as\u00ed como en el puente caracol de Tehuantepec en salida hacia Jalapa del Marqu\u00e9s; carretera Huatulco-Salina Cruz y en San Juan Guichicovi, en la cabecera municipal en la carretera local.<\/p>\n\n\n\n<p>Desde este lunes, habitantes de Santa Mar\u00eda Petapa cerraron la carretera, en Mat\u00edas Romero Avenda\u00f1o, para exigir la intervenci\u00f3n de las autoridades estatales y federales para solucionar el conflicto en una escuela adherida al Sindicato Independiente de los Trabajadores de M\u00e9xico (SITEM).<\/p>\n\n\n\n<p>Los manifestantes dieron a conocer que el conflicto interno es porque algunos delegados pretenden entregar la instituci\u00f3n a la Secci\u00f3n 22 de la Coordinadora Nacional de los Trabajadores de la Educaci\u00f3n (CNTE).<\/p>\n\n\n\n<p>Pero, adem\u00e1s, exigieron una auditor\u00eda al programa \u00abLa escuela es nuestra\u00bb, pues el recurso no se aplic\u00f3 para el mejoramiento de las escuelas en su comunidad.<\/p>\n\n\n\n<p>Padres y madres de familia afirmaron que permanecer\u00e1n en el sitio hasta que les ofrezcan atenci\u00f3n y una soluci\u00f3n a sus problemas.<\/p>\n\n\n\n<p>As\u00ed tambi\u00e9n, habitantes de Santa Gertrudis Miramar, agencia municipal de Tehuantepec Oaxaca, bloquearon para demandar al gobierno del estado los recursos pertenecientes a la reconstrucci\u00f3n por el sismo del 7 de septiembre de 2017, pues a\u00fan no se aplican en su totalidad a la poblaci\u00f3n damnificada.&nbsp;<\/p>\n","protected":false},"excerpt":{"rendered":"<p>Yuridiana Sosa\/Zona Roja. Oaxaca de Ju\u00e1rez, Oax., 20 de octubre de 2020.- Las inconformidades de&hellip;<\/p>\n","protected":false},"author":2,"featured_media":19035,"comment_status":"closed","ping_status":"open","sticky":false,"template":"","format":"standard","meta":{"_lmt_disableupdate":"","_lmt_disable":"","_jetpack_memberships_contains_paid_content":false,"footnotes":""},"categories":[109,47],"tags":[2122],"class_list":["post-19034","post","type-post","status-publish","format-standard","has-post-thumbnail","hentry","category-minuto-a-minuto","category-zona-gris","tag-francisco-garcia-lopez"],"jetpack_featured_media_url":"https:\/\/zonaroja.com.mx\/wp-content\/uploads\/2020\/10\/Marcha-CIPO.jpg","jetpack_sharing_enabled":true,"_links":{"self":[{"href":"https:\/\/zonaroja.com.mx\/index.php?rest_route=\/wp\/v2\/posts\/19034","targetHints":{"allow":["GET"]}}],"collection":[{"href":"https:\/\/zonaroja.com.mx\/index.php?rest_route=\/wp\/v2\/posts"}],"about":[{"href":"https:\/\/zonaroja.com.mx\/index.php?rest_route=\/wp\/v2\/types\/post"}],"author":[{"embeddable":true,"href":"https:\/\/zonaroja.com.mx\/index.php?rest_route=\/wp\/v2\/users\/2"}],"replies":[{"embeddable":true,"href":"https:\/\/zonaroja.com.mx\/index.php?rest_route=%2Fwp%2Fv2%2Fcomments&post=19034"}],"version-history":[{"count":1,"href":"https:\/\/zonaroja.com.mx\/index.php?rest_route=\/wp\/v2\/posts\/19034\/revisions"}],"predecessor-version":[{"id":19036,"href":"https:\/\/zonaroja.com.mx\/index.php?rest_route=\/wp\/v2\/posts\/19034\/revisions\/19036"}],"wp:featuredmedia":[{"embeddable":true,"href":"https:\/\/zonaroja.com.mx\/index.php?rest_route=\/wp\/v2\/media\/19035"}],"wp:attachment":[{"href":"https:\/\/zonaroja.com.mx\/index.php?rest_route=%2Fwp%2Fv2%2Fmedia&parent=19034"}],"wp:term":[{"taxonomy":"category","embeddable":true,"href":"https:\/\/zonaroja.com.mx\/index.php?rest_route=%2Fwp%2Fv2%2Fcategories&post=19034"},{"taxonomy":"post_tag","embeddable":true,"href":"https:\/\/zonaroja.com.mx\/index.php?rest_route=%2Fwp%2Fv2%2Ftags&post=19034"}],"curies":[{"name":"wp","href":"https:\/\/api.w.org\/{rel}","templated":true}]}}