{"id":19045,"date":"2020-10-20T21:23:47","date_gmt":"2020-10-21T02:23:47","guid":{"rendered":"http:\/\/www.zonaroja.com.mx\/?p=19045"},"modified":"2020-10-20T21:26:50","modified_gmt":"2020-10-21T02:26:50","slug":"grave-estado-de-salud-de-lona-reyes-podria-ser-por-covid-19","status":"publish","type":"post","link":"https:\/\/zonaroja.com.mx\/?p=19045","title":{"rendered":"Grave, estado de salud de Lona Reyes; podr\u00eda ser por Covid-19"},"content":{"rendered":"\n<p>Redacci\u00f3n\/Zona Roja. Foto: Especial<\/p>\n\n\n\n<p>Oaxaca de Ju\u00e1rez, Oax., 20 de octubre de 2020.- El obispo em\u00e9rito de Tehuantepec, Arturo Lona Reyes, se encuentra delicado de salud, hospitalizado en Lagunas, El Barrio La Soledad, regi\u00f3n del Istmo, confirm\u00f3 el Arzobispo de Antequera Oaxaca, Pedro V\u00e1zquez Villalobos.<\/p>\n\n\n\n<p>\u201cLes informo que hace un momento me comuniqu\u00e9 con el se\u00f1or obispo Crisp\u00edn (Ojeda), de la di\u00f3cesis de Tehuantepec, para preguntarle sobre la situaci\u00f3n de nuestro hermano Arturo Lona.<\/p>\n\n\n\n<p>\u201cY me comunic\u00f3 con tristeza, con gran preocupaci\u00f3n, con dolor, la situaci\u00f3n de nuestro hermano; est\u00e1 sumamente grave, lo tienen en el hospital de Lagunas y me dice que est\u00e1 en la zona de Covid.<\/p>\n\n\n\n<p>\u201cLe pregunt\u00e9 si ten\u00eda contagio de Covid, no sabe todav\u00eda, no le pudieron dar esa informaci\u00f3n; alguien dir\u00e1, si est\u00e1 en el Covid, pues tiene Covid; no lo s\u00e9, lo que s\u00ed quisiera decirles a todos es que lo pongamos en oraci\u00f3n\u201d, dijo a trav\u00e9s de un audio difundido v\u00eda redes sociales.<\/p>\n\n\n\n<p>Destac\u00f3 la labor de Arturo Lona Reyes, que se entreg\u00f3 de lleno al servicio de los pobres; \u201cDios lo fortalezca en este momento que Dios lo est\u00e1 probando en el dolor y en el sufrimiento, y junto con nuestra oraci\u00f3n, por \u00e9l, por todos los hermanos que padecen enfermedades y en especial enfermedad del Covid. Ojal\u00e1 esta informaci\u00f3n ustedes la reciban con un buen esp\u00edritu y juntos hagamos oraci\u00f3n\u201d, manifest\u00f3 el representante de la iglesia Cat\u00f3lica en Oaxaca.<\/p>\n","protected":false},"excerpt":{"rendered":"<p>Redacci\u00f3n\/Zona Roja. Foto: Especial Oaxaca de Ju\u00e1rez, Oax., 20 de octubre de 2020.- El obispo&hellip;<\/p>\n","protected":false},"author":2,"featured_media":19046,"comment_status":"closed","ping_status":"open","sticky":false,"template":"","format":"standard","meta":{"_lmt_disableupdate":"","_lmt_disable":"","_jetpack_memberships_contains_paid_content":false,"footnotes":""},"categories":[109,47],"tags":[2126],"class_list":["post-19045","post","type-post","status-publish","format-standard","has-post-thumbnail","hentry","category-minuto-a-minuto","category-zona-gris","tag-arturo-lona-reyes"],"jetpack_featured_media_url":"https:\/\/zonaroja.com.mx\/wp-content\/uploads\/2020\/10\/Arturo-Lona-Reyes-1.jpg","jetpack_sharing_enabled":true,"_links":{"self":[{"href":"https:\/\/zonaroja.com.mx\/index.php?rest_route=\/wp\/v2\/posts\/19045","targetHints":{"allow":["GET"]}}],"collection":[{"href":"https:\/\/zonaroja.com.mx\/index.php?rest_route=\/wp\/v2\/posts"}],"about":[{"href":"https:\/\/zonaroja.com.mx\/index.php?rest_route=\/wp\/v2\/types\/post"}],"author":[{"embeddable":true,"href":"https:\/\/zonaroja.com.mx\/index.php?rest_route=\/wp\/v2\/users\/2"}],"replies":[{"embeddable":true,"href":"https:\/\/zonaroja.com.mx\/index.php?rest_route=%2Fwp%2Fv2%2Fcomments&post=19045"}],"version-history":[{"count":2,"href":"https:\/\/zonaroja.com.mx\/index.php?rest_route=\/wp\/v2\/posts\/19045\/revisions"}],"predecessor-version":[{"id":19048,"href":"https:\/\/zonaroja.com.mx\/index.php?rest_route=\/wp\/v2\/posts\/19045\/revisions\/19048"}],"wp:featuredmedia":[{"embeddable":true,"href":"https:\/\/zonaroja.com.mx\/index.php?rest_route=\/wp\/v2\/media\/19046"}],"wp:attachment":[{"href":"https:\/\/zonaroja.com.mx\/index.php?rest_route=%2Fwp%2Fv2%2Fmedia&parent=19045"}],"wp:term":[{"taxonomy":"category","embeddable":true,"href":"https:\/\/zonaroja.com.mx\/index.php?rest_route=%2Fwp%2Fv2%2Fcategories&post=19045"},{"taxonomy":"post_tag","embeddable":true,"href":"https:\/\/zonaroja.com.mx\/index.php?rest_route=%2Fwp%2Fv2%2Ftags&post=19045"}],"curies":[{"name":"wp","href":"https:\/\/api.w.org\/{rel}","templated":true}]}}