{"id":19049,"date":"2020-10-20T22:21:06","date_gmt":"2020-10-21T03:21:06","guid":{"rendered":"http:\/\/www.zonaroja.com.mx\/?p=19049"},"modified":"2020-10-20T22:21:12","modified_gmt":"2020-10-21T03:21:12","slug":"reputan-contagios-hoy-183-casos-oaxaca-rebasa-los-20-mil-infectados","status":"publish","type":"post","link":"https:\/\/zonaroja.com.mx\/?p=19049","title":{"rendered":"Reputan contagios, hoy 183 casos; Oaxaca rebasa los 20 mil infectados"},"content":{"rendered":"\n<p>Redacci\u00f3n\/Zona Roja.<\/p>\n\n\n\n<p>Oaxaca de Ju\u00e1rez, Oax. 20 de octubre de 2020.- La dependencia Servicios de Salud de Oaxaca (SSO) confirm\u00f3 183 nuevos casos de Covid-19 en la entidad, cifra que suma un total de 20 mil 021 acumulados, siendo la Jurisdicci\u00f3n Sanitaria m\u00e1s afectada Valles Centrales con 13 mil 313 positivos.<\/p>\n\n\n\n<p>Seguido del Istmo con mil 979 casos, Tuxtepec con mil 820, Mixteca con mil 400, Costa con mil tres y Sierra con 506, se\u00f1al\u00f3 en un comunicado.<\/p>\n\n\n\n<p>Expuso que actualmente existen en el estado 682 personas que cursan con la enfermedad respiratoria en etapa activa, principalmente Oaxaca de Ju\u00e1rez con 222 contagios y Santa Cruz Xoxocotl\u00e1n con 50.<\/p>\n\n\n\n<p>Especific\u00f3 que actualmente se tiene un global de 31 mil 905 personas que han presentado s\u00edntomas relacionados con la enfermedad, ocho mil 656 negativos, tres mil 228 sospechosos y 17 mil 705 recuperados.<\/p>\n\n\n\n<p>Detall\u00f3 que, en el corte de este martes, se identificaron 52 municipios con nuevos diagn\u00f3sticos, en primer lugar se encuentra Oaxaca de Ju\u00e1rez con 52 registros, seguido de la Heroica Cuidad de Juchit\u00e1n de Zaragoza con 17, Salina Cruz con 10 y Santa Cruz Xoxocotl\u00e1n con ocho, por mencionar algunos.<\/p>\n\n\n\n<p>A\u00f1adi\u00f3 que la cifra de defunciones en este \u00faltimo corte epidemiol\u00f3gico subi\u00f3 a mil 584 decesos lamentablemente, ocho m\u00e1s con respecto al d\u00eda de ayer; siendo los grupos de edad con alta mortalidad, los adultos mayores, quienes al momento suman el 45.5% del total de muertes.<\/p>\n\n\n\n<figure class=\"wp-block-embed-twitter wp-block-embed is-type-rich is-provider-twitter\"><div class=\"wp-block-embed__wrapper\">\n<div class=\"twitter-tweet\"><blockquote class=\"twitter-tweet\" data-lang=\"es\"><p lang=\"es\" dir=\"ltr\">Recuerda que al utilizar <a href=\"https:\/\/twitter.com\/hashtag\/Cubrebocas?src=hash&amp;ref_src=twsrc%5Etfw\">#Cubrebocas<\/a>, debe cubrirte desde la nariz hasta la barbilla, c\u00e1mbialo por lo menos cada 4 horas.<br><br>Con tu responsabilidad, cuidas la <a href=\"https:\/\/twitter.com\/hashtag\/Salud?src=hash&amp;ref_src=twsrc%5Etfw\">#Salud<\/a> de todas y todos. <a href=\"https:\/\/t.co\/LPptYyrOe4\">pic.twitter.com\/LPptYyrOe4<\/a><\/p>&mdash; Servicios de Salud (@SSO_GobOax) <a href=\"https:\/\/twitter.com\/SSO_GobOax\/status\/1318734485886742528?ref_src=twsrc%5Etfw\">21 de octubre de 2020<\/a><\/blockquote><\/div>\n<\/div><\/figure>\n\n\n\n<p>Por otra parte, el n\u00famero de hospitalizados desde que inici\u00f3 la pandemia alcanz\u00f3 los tres mil 951 pacientes y 16 mil 070 casos ambulatorios; as\u00ed tambi\u00e9n se tiene el reporte de 894 m\u00e9dicos, mil 176 personal de enfermer\u00eda y 882 trabajadores del sector Salud, que han dado positivo a la infecci\u00f3n respiratoria.<\/p>\n\n\n\n<p>En cuanto a la atenci\u00f3n m\u00e9dica, el Coordinador General de Jurisdicciones Sanitarias, explic\u00f3 que la ocupaci\u00f3n de camas para pacientes que han presentado complicaciones por COVID-19 se encuentra al 34.7% en general, 41.5% corresponde a camas sin ventilador y el 21.8% a terapia intensiva.<\/p>\n\n\n\n<p>Destac\u00f3 que la entidad cuenta con cinco centros de valoraci\u00f3n de primer contacto para pacientes con s\u00edntomas respiratorios en la zona conurbada: hospital General de Zona 1 del IMSS, el Presidente Ju\u00e1rez del ISSSTE, Ixcotel de Sedena, el General \u201cDoctor Aurelio Valdivieso\u201d y el centro de salud Urbano Uno de los SSO.<\/p>\n\n\n\n<p>Asimismo, record\u00f3 a la poblaci\u00f3n que una de las medidas m\u00e1s importantes para evitar contagios de COVID-19, es el lavado de manos con agua y jab\u00f3n frecuentemente, uso correcto del cubrebocas y aplicar de forma responsable la sana distancia.<\/p>\n","protected":false},"excerpt":{"rendered":"<p>Redacci\u00f3n\/Zona Roja. Oaxaca de Ju\u00e1rez, Oax. 20 de octubre de 2020.- La dependencia Servicios de&hellip;<\/p>\n","protected":false},"author":2,"featured_media":19051,"comment_status":"closed","ping_status":"open","sticky":false,"template":"","format":"standard","meta":{"_lmt_disableupdate":"","_lmt_disable":"","_jetpack_memberships_contains_paid_content":false,"footnotes":""},"categories":[109,47],"tags":[1512],"class_list":["post-19049","post","type-post","status-publish","format-standard","has-post-thumbnail","hentry","category-minuto-a-minuto","category-zona-gris","tag-coronavirus-oaxaca"],"jetpack_featured_media_url":"https:\/\/zonaroja.com.mx\/wp-content\/uploads\/2020\/10\/GRAFICA-01-3.jpeg","jetpack_sharing_enabled":true,"_links":{"self":[{"href":"https:\/\/zonaroja.com.mx\/index.php?rest_route=\/wp\/v2\/posts\/19049","targetHints":{"allow":["GET"]}}],"collection":[{"href":"https:\/\/zonaroja.com.mx\/index.php?rest_route=\/wp\/v2\/posts"}],"about":[{"href":"https:\/\/zonaroja.com.mx\/index.php?rest_route=\/wp\/v2\/types\/post"}],"author":[{"embeddable":true,"href":"https:\/\/zonaroja.com.mx\/index.php?rest_route=\/wp\/v2\/users\/2"}],"replies":[{"embeddable":true,"href":"https:\/\/zonaroja.com.mx\/index.php?rest_route=%2Fwp%2Fv2%2Fcomments&post=19049"}],"version-history":[{"count":1,"href":"https:\/\/zonaroja.com.mx\/index.php?rest_route=\/wp\/v2\/posts\/19049\/revisions"}],"predecessor-version":[{"id":19052,"href":"https:\/\/zonaroja.com.mx\/index.php?rest_route=\/wp\/v2\/posts\/19049\/revisions\/19052"}],"wp:featuredmedia":[{"embeddable":true,"href":"https:\/\/zonaroja.com.mx\/index.php?rest_route=\/wp\/v2\/media\/19051"}],"wp:attachment":[{"href":"https:\/\/zonaroja.com.mx\/index.php?rest_route=%2Fwp%2Fv2%2Fmedia&parent=19049"}],"wp:term":[{"taxonomy":"category","embeddable":true,"href":"https:\/\/zonaroja.com.mx\/index.php?rest_route=%2Fwp%2Fv2%2Fcategories&post=19049"},{"taxonomy":"post_tag","embeddable":true,"href":"https:\/\/zonaroja.com.mx\/index.php?rest_route=%2Fwp%2Fv2%2Ftags&post=19049"}],"curies":[{"name":"wp","href":"https:\/\/api.w.org\/{rel}","templated":true}]}}