{"id":19068,"date":"2020-10-21T14:36:43","date_gmt":"2020-10-21T19:36:43","guid":{"rendered":"http:\/\/www.zonaroja.com.mx\/?p=19068"},"modified":"2020-10-21T14:36:47","modified_gmt":"2020-10-21T19:36:47","slug":"a-menos-de-12-horas-de-visita-de-murat-dos-descuartizados-en-soyaltepec","status":"publish","type":"post","link":"https:\/\/zonaroja.com.mx\/?p=19068","title":{"rendered":"A menos de 12 horas de visita de Murat, dos descuartizados en Soyaltepec"},"content":{"rendered":"\n<p>Redacci\u00f3n\/Zona Roja.<\/p>\n\n\n\n<p>Oaxaca de Ju\u00e1rez, Oax. 21 de octubre de 2020.- A menos de 12 horas de la vista del gobernador Alejandro Murat Hinojosa a San Miguel Soyaltepec, dos individuos fueron torturados, masacrados y descuartizados en calles de dicho municipio de la regi\u00f3n Cuenca del estado de Oaxaca.<\/p>\n\n\n\n<p>En tanto, otra persona muri\u00f3 hoy a causa de las lesiones producidas anoche por arma blanca, en San Juan Bautista Tuxtepec.<\/p>\n\n\n\n<p>Ayer martes, adem\u00e1s de acudir a Acatl\u00e1n de P\u00e9rez Figueroa, el titular del Poder Ejecutivo estuvo por la tarde en Soyaltepec, donde remarc\u00f3 que \u201c\u201cHoy las y los oaxaque\u00f1os estamos en paz, nos hemos puesto de acuerdo y estamos avanzando\u201d.<\/p>\n\n\n\n<p>Pero alrededor de las 06:00 horas de este mi\u00e9rcoles, en el paraje \u201cLas Pilas\u201d, sobre la carretera federal 145, en el tramo San Miguel Soyaltepec-La Granja, Veracruz, en los l\u00edmites entre ambos estados, fueron hallados los cuerpos.<\/p>\n\n\n\n<p>Se trata de dos varones encontrados en bolsas negras de pl\u00e1stico, quienes m\u00e1s tarde fueron identificados como Yuri Mael H. C. y Rub\u00e9n U. M., de oficio taxistas en Soyaltepec y que desde hace varios d\u00edas habr\u00edan desaparecido. Junto a sus cuerpos tambi\u00e9n se hall\u00f3 una cartulina con un mensaje de amenaza.<\/p>\n\n\n\n<p>Al lugar arribaron elementos de la Agencia Estatal de Investigaciones para realizar las diligencias correspondientes.<\/p>\n\n\n\n<p>En tanto, la ma\u00f1ana de hoy perdi\u00f3 la vida en Tuxtepec Onorio Tejeda Felipe, de 25 a\u00f1os de edad, quien fue atacado con arma blanca la noche de ayer en la calle Benito Ju\u00e1rez de la colonia Ortega, presuntamente por una ri\u00f1a.<\/p>\n\n\n\n<p>Tuxtepec se hab\u00eda mantenido sin homicidios culposos desde hace aproximadamente un mes, pero se reactivaron ayer, en el marco de la visita del mandatario estatal a la Cuenca.<\/p>\n","protected":false},"excerpt":{"rendered":"<p>Redacci\u00f3n\/Zona Roja. Oaxaca de Ju\u00e1rez, Oax. 21 de octubre de 2020.- A menos de 12&hellip;<\/p>\n","protected":false},"author":2,"featured_media":7486,"comment_status":"closed","ping_status":"open","sticky":false,"template":"","format":"standard","meta":{"_lmt_disableupdate":"","_lmt_disable":"","_jetpack_memberships_contains_paid_content":false,"footnotes":""},"categories":[109,51],"tags":[1306],"class_list":["post-19068","post","type-post","status-publish","format-standard","has-post-thumbnail","hentry","category-minuto-a-minuto","category-zona-roja","tag-temascal-san-miguel-soyaltepec"],"jetpack_featured_media_url":"https:\/\/zonaroja.com.mx\/wp-content\/uploads\/2020\/01\/Escena-del-crimen7.jpg","jetpack_sharing_enabled":true,"_links":{"self":[{"href":"https:\/\/zonaroja.com.mx\/index.php?rest_route=\/wp\/v2\/posts\/19068","targetHints":{"allow":["GET"]}}],"collection":[{"href":"https:\/\/zonaroja.com.mx\/index.php?rest_route=\/wp\/v2\/posts"}],"about":[{"href":"https:\/\/zonaroja.com.mx\/index.php?rest_route=\/wp\/v2\/types\/post"}],"author":[{"embeddable":true,"href":"https:\/\/zonaroja.com.mx\/index.php?rest_route=\/wp\/v2\/users\/2"}],"replies":[{"embeddable":true,"href":"https:\/\/zonaroja.com.mx\/index.php?rest_route=%2Fwp%2Fv2%2Fcomments&post=19068"}],"version-history":[{"count":1,"href":"https:\/\/zonaroja.com.mx\/index.php?rest_route=\/wp\/v2\/posts\/19068\/revisions"}],"predecessor-version":[{"id":19069,"href":"https:\/\/zonaroja.com.mx\/index.php?rest_route=\/wp\/v2\/posts\/19068\/revisions\/19069"}],"wp:featuredmedia":[{"embeddable":true,"href":"https:\/\/zonaroja.com.mx\/index.php?rest_route=\/wp\/v2\/media\/7486"}],"wp:attachment":[{"href":"https:\/\/zonaroja.com.mx\/index.php?rest_route=%2Fwp%2Fv2%2Fmedia&parent=19068"}],"wp:term":[{"taxonomy":"category","embeddable":true,"href":"https:\/\/zonaroja.com.mx\/index.php?rest_route=%2Fwp%2Fv2%2Fcategories&post=19068"},{"taxonomy":"post_tag","embeddable":true,"href":"https:\/\/zonaroja.com.mx\/index.php?rest_route=%2Fwp%2Fv2%2Ftags&post=19068"}],"curies":[{"name":"wp","href":"https:\/\/api.w.org\/{rel}","templated":true}]}}