{"id":1907,"date":"2019-06-28T14:49:18","date_gmt":"2019-06-28T19:49:18","guid":{"rendered":"https:\/\/www.zonaroja.com.mx\/?p=1907"},"modified":"2019-06-28T18:34:32","modified_gmt":"2019-06-28T23:34:32","slug":"reconoce-amlo-a-comunidades-indigenas-de-oaxaca","status":"publish","type":"post","link":"https:\/\/zonaroja.com.mx\/?p=1907","title":{"rendered":"Reconoce AMLO a comunidades ind\u00edgenas de Oaxaca"},"content":{"rendered":"<p><span lang=\"ES\" style=\"font-family: Arial\">Redacci\u00f3n<\/span><\/p>\n<p>Oaxaca<span lang=\"ES\" style=\"font-family: Arial\"> de <\/span>Ju\u00e1rez<span lang=\"ES\" style=\"font-family: Arial\">, Oax., 28 de junio de 2019.- El Presidente de la Rep\u00fablica, Andr\u00e9s Manuel L\u00f3pez Obrador, reconoci\u00f3 a las comunidades ind\u00edgenas oaxaque\u00f1as que con el recurso directo que se les brindo, mediante el Programa de<\/span><span lang=\"ES\" style=\"font-family: Arial\"><span class=\"Apple-converted-space\">&nbsp;<\/span><\/span><span style=\"font-family: Arial;color: black;background-color: white;background-position: initial initial\">Construcci\u00f3n de Caminos de Accesos a Cabeceras Municipales en Estado de Oaxaca, han realizado un trabajo ejemplar en sus comunidades.<\/span><\/p>\n<p><span style=\"font-family: Arial;color: black;background-color: white;background-position: initial initial\">\u201cHay algo muy importante, de ejemplo para todo el pa\u00eds, lo que est\u00e1n haciendo los pueblos de usos y costumbres de Oaxaca, con el recurso que se les entreg\u00f3 est\u00e1n hacien<\/span><span style=\"font-family: arial;font-size: 12pt;background-position: initial initial\">do sus propios caminos a las cabeceras municipales, eso lo vamos a ver ma\u00f1ana\u201d, asegur\u00f3 el mandatario federal en su arribo a la capital del estado.<\/span><span style=\"font-family: arial;font-size: 12pt;background-position: initial initial\"><span class=\"Apple-converted-space\">&nbsp;<\/span><\/span><\/p>\n<p><span style=\"font-family: arial;font-size: 12pt;background-position: initial initial\">Lo anterior en su arrib\u00f3 a la capital oaxaque\u00f1a para realizar este s\u00e1bado una visita a San Juan Evangelista Analco y&nbsp;<\/span><span style=\"font-family: arial;font-size: 12pt\">San Juan Atepec<\/span><span style=\"font-family: arial;font-size: 12pt\">, municipios que fueron de los primeros beneficiados del programa y que tambi\u00e9n visit\u00f3 en diciembre del a\u00f1o pasado para hacer oficial la entrega del recurso.<\/span><span style=\"font-family: arial;font-size: 12pt\"><span class=\"Apple-converted-space\">&nbsp;<\/span><\/span><\/p>\n<p><span lang=\"ES\" style=\"font-family: Arial\">Durante su llegada al Aeropuerto Internacional \u201cBenito Ju\u00e1rez\u201d, el mandatario federal tambi\u00e9n se comprometi\u00f3 a que durante este sexenio se concluir\u00e1n los proyectos carreteros que conectan a la capital con las regiones de la Costa e Istmo, cuya arranque oficial fue hace 18 a\u00f1os y hoy se han reiniciado los trabajos con el respaldo de su administraci\u00f3n.<\/span><\/p>\n<p><span lang=\"ES\" style=\"font-family: Arial\">\u201cSon dos carreteras muy importantes y ya hice el compromiso de que las vamos a terminar, incluso ya se iniciaron los trabajos en la que va a la Costa y hoy firmamos el acuerdo para que suceda lo mismo con la del Istmo\u201d dijo.<\/span><\/p>\n<p><span lang=\"ES\" style=\"font-family: Arial\">Finalmente, en un muy breve acercamiento con los medios de comunicaci\u00f3n, L\u00f3pez Obrador asegur\u00f3 sentirse muy a gusto de estar en Oaxaca a la que defini\u00f3 como \u201csu tierra\u201d, para dar inicio a su cuarta visita presidencial en una gira de dos d\u00edas.<\/span><\/p>\n","protected":false},"excerpt":{"rendered":"<p>Redacci\u00f3n Oaxaca de Ju\u00e1rez, Oax., 28 de junio de 2019.- El Presidente de la Rep\u00fablica,&hellip;<\/p>\n","protected":false},"author":2,"featured_media":1910,"comment_status":"closed","ping_status":"open","sticky":false,"template":"","format":"standard","meta":{"_lmt_disableupdate":"","_lmt_disable":"","_jetpack_memberships_contains_paid_content":false,"footnotes":""},"categories":[1],"tags":[],"class_list":["post-1907","post","type-post","status-publish","format-standard","has-post-thumbnail","hentry","category-sin-categoria"],"jetpack_featured_media_url":"https:\/\/zonaroja.com.mx\/wp-content\/uploads\/2019\/06\/3335ea0c-d457-4b91-b1f9-05abbe8b9023.jpg","jetpack_sharing_enabled":true,"_links":{"self":[{"href":"https:\/\/zonaroja.com.mx\/index.php?rest_route=\/wp\/v2\/posts\/1907","targetHints":{"allow":["GET"]}}],"collection":[{"href":"https:\/\/zonaroja.com.mx\/index.php?rest_route=\/wp\/v2\/posts"}],"about":[{"href":"https:\/\/zonaroja.com.mx\/index.php?rest_route=\/wp\/v2\/types\/post"}],"author":[{"embeddable":true,"href":"https:\/\/zonaroja.com.mx\/index.php?rest_route=\/wp\/v2\/users\/2"}],"replies":[{"embeddable":true,"href":"https:\/\/zonaroja.com.mx\/index.php?rest_route=%2Fwp%2Fv2%2Fcomments&post=1907"}],"version-history":[{"count":2,"href":"https:\/\/zonaroja.com.mx\/index.php?rest_route=\/wp\/v2\/posts\/1907\/revisions"}],"predecessor-version":[{"id":1911,"href":"https:\/\/zonaroja.com.mx\/index.php?rest_route=\/wp\/v2\/posts\/1907\/revisions\/1911"}],"wp:featuredmedia":[{"embeddable":true,"href":"https:\/\/zonaroja.com.mx\/index.php?rest_route=\/wp\/v2\/media\/1910"}],"wp:attachment":[{"href":"https:\/\/zonaroja.com.mx\/index.php?rest_route=%2Fwp%2Fv2%2Fmedia&parent=1907"}],"wp:term":[{"taxonomy":"category","embeddable":true,"href":"https:\/\/zonaroja.com.mx\/index.php?rest_route=%2Fwp%2Fv2%2Fcategories&post=1907"},{"taxonomy":"post_tag","embeddable":true,"href":"https:\/\/zonaroja.com.mx\/index.php?rest_route=%2Fwp%2Fv2%2Ftags&post=1907"}],"curies":[{"name":"wp","href":"https:\/\/api.w.org\/{rel}","templated":true}]}}