{"id":19082,"date":"2020-10-21T20:38:29","date_gmt":"2020-10-22T01:38:29","guid":{"rendered":"http:\/\/www.zonaroja.com.mx\/?p=19082"},"modified":"2020-10-21T20:38:33","modified_gmt":"2020-10-22T01:38:33","slug":"y-donde-esta-el-titular-de-la-segego-van-tres-dias-de-bloqueos-y-protestas","status":"publish","type":"post","link":"https:\/\/zonaroja.com.mx\/?p=19082","title":{"rendered":"\u00bfY d\u00f3nde est\u00e1 el titular de la Segego? Van tres d\u00edas de bloqueos y protestas"},"content":{"rendered":"\n<p>Evlin Arag\u00f3n\/Zona Roja.<\/p>\n\n\n\n<p>Oaxaca de Ju\u00e1rez, Oax., 21 de octubre de 2020.- Por tercer d\u00eda consecutivo militantes del Consejo Ind\u00edgena Popular de Oaxaca \u201cRicardo Flores Mag\u00f3n\u201d (CIPO-RFM), se manifestaron en la capital oaxaque\u00f1a para exigir atenci\u00f3n a sus demandas por parte del gobernador Alejandro Murat Hinojosa, con quien supuestamente tienen audiencia el d\u00eda de ma\u00f1ana.<\/p>\n\n\n\n<p>Son tres d\u00edas tambi\u00e9n desde que Francisco Garc\u00eda L\u00f3pez tom\u00f3 posesi\u00f3n como titular de la Secretar\u00eda General de Gobierno (Segego), lapso en que las movilizaciones se han intensificado.<\/p>\n\n\n\n<p>Este mi\u00e9rcoles trasladaron su manifestaci\u00f3n a las oficinas de la Coordinaci\u00f3n de Protecci\u00f3n Civil, ubicadas en la colonia Eliseo Jim\u00e9nez Ruiz, con la intenci\u00f3n de dar cobertura a una reuni\u00f3n que sostuvieron las autoridades estatales con la dirigencia de la organizaci\u00f3n.&nbsp;<\/p>\n\n\n\n<p>Pero desde el d\u00eda lunes han expresado que no se mover\u00e1n de su plant\u00f3n hasta que sean atendida sus demandas en materia de salud y educaci\u00f3n para quienes habitan en comunidades ind\u00edgenas.<\/p>\n\n\n\n<p>Hasta esta noche, mantienen retenidos a trabajadores y funcionarios de Protecci\u00f3n Civil, as\u00ed como un bloqueo a la avenida Ju\u00e1rez del centro de la ciudad y a la Casa Oficial de Gobierno.<\/p>\n\n\n\n<figure class=\"wp-block-embed-twitter wp-block-embed is-type-rich is-provider-twitter\"><div class=\"wp-block-embed__wrapper\">\n<div class=\"twitter-tweet\"><blockquote class=\"twitter-tweet\" data-lang=\"es\"><p lang=\"es\" dir=\"ltr\"><a href=\"https:\/\/twitter.com\/hashtag\/%C3%9AltimoMinuto?src=hash&amp;ref_src=twsrc%5Etfw\">#\u00daltimoMinuto<\/a> <br>Incapacidad de <a href=\"https:\/\/twitter.com\/SEGEGO_GobOax?ref_src=twsrc%5Etfw\">@SEGEGO_GobOax<\/a>, que preside <a href=\"https:\/\/twitter.com\/PacoPiza9?ref_src=twsrc%5Etfw\">@PacoPiza9<\/a>, y de <a href=\"https:\/\/twitter.com\/CEPCO_GobOax?ref_src=twsrc%5Etfw\">@CEPCO_GobOax<\/a> de <a href=\"https:\/\/twitter.com\/AntonioAmaroC?ref_src=twsrc%5Etfw\">@AntonioAmaroC<\/a>, para atender demandas del CIPO, lo que reactiva bloqueos. <a href=\"https:\/\/t.co\/iaWUULdQ1g\">pic.twitter.com\/iaWUULdQ1g<\/a><\/p>&mdash; Zona Roja Oaxaca (@MexRoja) <a href=\"https:\/\/twitter.com\/MexRoja\/status\/1318984065735925774?ref_src=twsrc%5Etfw\">21 de octubre de 2020<\/a><\/blockquote><\/div>\n<\/div><\/figure>\n\n\n\n<p>M\u00daLTIPLES MOVILIZACIONES<\/p>\n\n\n\n<p>No fue la \u00fanica manifestaci\u00f3n que se registr\u00f3 en la zona conurbada ya que, previo al medio d\u00eda, alrededor de 40 personas adherida a la Uni\u00f3n de Asociaciones Civiles del Estado de Oaxaca, bloquearon moment\u00e1neamente el paso en ambos carriles de la caseta de Huitzo, sin embargo, minutos despu\u00e9s fueron retirados por elementos de seguridad federal.&nbsp;<\/p>\n\n\n\n<p>As\u00ed mismo un grupo de pobladores del municipio de Zimatl\u00e1n de \u00c1lvarez, Villa de Zaachila y Ocotl\u00e1n, arrib\u00f3 al Congreso local para solicitar que no se cierren lo tianguis como parte de las medidas de cuidado sanitario por la pandemia, ya que se afectar\u00eda a un aproximado de mil 500 personas y el mismo n\u00famero de familias que se dedican a la venta de diversos productos.&nbsp;<\/p>\n\n\n\n<p>\u201cSomos gente humilde. Solo pedimos trabajar, para llevar el sustento a casa\u201d, refieren las cartulinas que portaron las y los manifestantes este mi\u00e9rcoles a las afueras del recinto legislativo.\u00a0<\/p>\n\n\n\n<figure class=\"wp-block-embed-twitter wp-block-embed is-type-rich is-provider-twitter\"><div class=\"wp-block-embed__wrapper\">\n<div class=\"twitter-tweet\"><blockquote class=\"twitter-tweet\" data-lang=\"es\"><p lang=\"es\" dir=\"ltr\"><a href=\"https:\/\/twitter.com\/hashtag\/%C3%9AltimoMinuto?src=hash&amp;ref_src=twsrc%5Etfw\">#\u00daltimoMinuto<\/a> <br>Un grupo de presuntos comerciantes de la Villa de Zaachila, arriban a la sede del <a href=\"https:\/\/twitter.com\/CongresoOaxLXIV?ref_src=twsrc%5Etfw\">@CongresoOaxLXIV<\/a>, en San Raymundo Jalpan, a fin de solicitar que no se cierren los tianguis. <a href=\"https:\/\/t.co\/uuVQOMTxQ6\">pic.twitter.com\/uuVQOMTxQ6<\/a><\/p>&mdash; Zona Roja Oaxaca (@MexRoja) <a href=\"https:\/\/twitter.com\/MexRoja\/status\/1318958108266450947?ref_src=twsrc%5Etfw\">21 de octubre de 2020<\/a><\/blockquote><\/div>\n<\/div><\/figure>\n\n\n\n<p>ISTMO, IGUAL<\/p>\n\n\n\n<p>Por tercer d\u00eda consecutivo tambi\u00e9n, la regi\u00f3n del Istmo mantuvo complicaciones en sus accesos viales, ya que habitantes de distintas comunidades realizan, desde el lunes, bloqueos en al menos cuatro puntos carreteros.<\/p>\n\n\n\n<p>Se trata de los tramos carreteros ubicados en Mat\u00edas Romero sobre carretera Trans\u00edstmica; carretera Huatulco-Salina Cruz en la entrada de Santa Gertrudis Miramar; y en Juchit\u00e1n a la altura del Puente de Fierro. De ellos, esta noche solamente contin\u00faa el de Santa Getrudis.<\/p>\n\n\n\n<p>Desde el lunes, habitantes de Santa Mar\u00eda Petapa cerraron la carretera, en Mat\u00edas Romero Avenda\u00f1o, para exigir la intervenci\u00f3n de las autoridades estatales y federales para solucionar el conflicto en una escuela adherida al Sindicato Independiente de los Trabajadores de M\u00e9xico (SITEM).<\/p>\n\n\n\n<p>As\u00ed tambi\u00e9n, habitantes de Santa Gertrudis Miramar, agencia municipal de Tehuantepec Oaxaca, bloquearon para demandar al gobierno del estado los recursos pertenecientes a la reconstrucci\u00f3n por el sismo del 7 de septiembre de 2017, pues a\u00fan no se aplican en su totalidad a la poblaci\u00f3n damnificada.&nbsp;<\/p>\n\n\n\n<p>Mientras que en Juchit\u00e1n la protesta fue encabezada por un grupo de taxista en apoyo a la se\u00f1ora Beatriz L\u00f3pez Vicente, que result\u00f3 afectada por la empresa Sicrea-Nissan, que tiene pendiente la cobertura del seguro de vida del chofer V\u00edctor Manuel Altamirano.<\/p>\n\n\n\n<figure class=\"wp-block-image size-large\"><img decoding=\"async\" width=\"680\" height=\"510\" src=\"http:\/\/www.zonaroja.com.mx\/wp-content\/uploads\/2020\/10\/Bloqueo-Istmo-1.jpg\" alt=\"\" class=\"wp-image-19083\" srcset=\"https:\/\/zonaroja.com.mx\/wp-content\/uploads\/2020\/10\/Bloqueo-Istmo-1.jpg 680w, https:\/\/zonaroja.com.mx\/wp-content\/uploads\/2020\/10\/Bloqueo-Istmo-1-300x225.jpg 300w, https:\/\/zonaroja.com.mx\/wp-content\/uploads\/2020\/10\/Bloqueo-Istmo-1-585x439.jpg 585w\" sizes=\"(max-width: 680px) 100vw, 680px\" \/><\/figure>\n\n\n\n<p>SE SUMA LA COSTA<\/p>\n\n\n\n<p>Finalmente, estudiantes de la Escuela Normal Experimental \u201cVenustiano Carranza\u201d, ubicada en San Juan Cacahuatepec, bloquearon ambos carriles de la carretera Pinotepa-Acapulco a la altura del ret\u00e9n, donde pidieron cooperaci\u00f3n voluntaria para permitir el paso.&nbsp;<\/p>\n\n\n\n<p>De acuerdo con informaci\u00f3n que ha trascendido en algunos medios de comunicaci\u00f3n, el d\u00eda de ma\u00f1ana jueves, representantes de las once normales en la entidad har\u00e1n presencia en la capital de Oaxaca para iniciar una serie de movilizaciones.&nbsp;<\/p>\n","protected":false},"excerpt":{"rendered":"<p>Evlin Arag\u00f3n\/Zona Roja. Oaxaca de Ju\u00e1rez, Oax., 21 de octubre de 2020.- Por tercer d\u00eda&hellip;<\/p>\n","protected":false},"author":2,"featured_media":19084,"comment_status":"closed","ping_status":"open","sticky":false,"template":"","format":"standard","meta":{"_lmt_disableupdate":"","_lmt_disable":"","_jetpack_memberships_contains_paid_content":false,"footnotes":""},"categories":[109,47],"tags":[2123],"class_list":["post-19082","post","type-post","status-publish","format-standard","has-post-thumbnail","hentry","category-minuto-a-minuto","category-zona-gris","tag-consejo-indigena-popular-de-oaxaca-cipo"],"jetpack_featured_media_url":"https:\/\/zonaroja.com.mx\/wp-content\/uploads\/2020\/10\/CIPO-2.jpg","jetpack_sharing_enabled":true,"_links":{"self":[{"href":"https:\/\/zonaroja.com.mx\/index.php?rest_route=\/wp\/v2\/posts\/19082","targetHints":{"allow":["GET"]}}],"collection":[{"href":"https:\/\/zonaroja.com.mx\/index.php?rest_route=\/wp\/v2\/posts"}],"about":[{"href":"https:\/\/zonaroja.com.mx\/index.php?rest_route=\/wp\/v2\/types\/post"}],"author":[{"embeddable":true,"href":"https:\/\/zonaroja.com.mx\/index.php?rest_route=\/wp\/v2\/users\/2"}],"replies":[{"embeddable":true,"href":"https:\/\/zonaroja.com.mx\/index.php?rest_route=%2Fwp%2Fv2%2Fcomments&post=19082"}],"version-history":[{"count":1,"href":"https:\/\/zonaroja.com.mx\/index.php?rest_route=\/wp\/v2\/posts\/19082\/revisions"}],"predecessor-version":[{"id":19085,"href":"https:\/\/zonaroja.com.mx\/index.php?rest_route=\/wp\/v2\/posts\/19082\/revisions\/19085"}],"wp:featuredmedia":[{"embeddable":true,"href":"https:\/\/zonaroja.com.mx\/index.php?rest_route=\/wp\/v2\/media\/19084"}],"wp:attachment":[{"href":"https:\/\/zonaroja.com.mx\/index.php?rest_route=%2Fwp%2Fv2%2Fmedia&parent=19082"}],"wp:term":[{"taxonomy":"category","embeddable":true,"href":"https:\/\/zonaroja.com.mx\/index.php?rest_route=%2Fwp%2Fv2%2Fcategories&post=19082"},{"taxonomy":"post_tag","embeddable":true,"href":"https:\/\/zonaroja.com.mx\/index.php?rest_route=%2Fwp%2Fv2%2Ftags&post=19082"}],"curies":[{"name":"wp","href":"https:\/\/api.w.org\/{rel}","templated":true}]}}