{"id":19092,"date":"2020-10-22T08:07:34","date_gmt":"2020-10-22T13:07:34","guid":{"rendered":"http:\/\/www.zonaroja.com.mx\/?p=19092"},"modified":"2020-10-22T08:09:00","modified_gmt":"2020-10-22T13:09:00","slug":"desesperanza-y-enojo-por-suspension-de-programa-de-orquestas-oaxaca-afectado","status":"publish","type":"post","link":"https:\/\/zonaroja.com.mx\/?p=19092","title":{"rendered":"Desesperanza y enojo por suspensi\u00f3n de programa de orquestas; Oaxaca afectado"},"content":{"rendered":"\n<p>Yuridiana Sosa\/Zona Roja.<\/p>\n\n\n\n<p>Oaxaca de Ju\u00e1rez, Oax., 22 de octubre de 2020.- Un silencio invadi\u00f3 los hogares de alumnos, padres de familia y maestros que forman parte de la Orquesta Nueva Escuela Mexicana (ONEM), en Oaxaca.<\/p>\n\n\n\n<p>Enojo, tristeza y desesperanza, son solo algunos de los sentimientos que invaden a quienes son, o eran, parte del proyecto musical; un contraste de los momentos que como equipo se ha vivido.<\/p>\n\n\n\n<p>Apenas pueden creer que la Secretar\u00eda de Educaci\u00f3n P\u00fablica (SEP) haya suspendido el programa de las orquestas, las cuales este 2020 cumplieron nueve a\u00f1os de su llegada a la entidad como Esperanza Azteca, perteneciente a Fundaci\u00f3n Azteca.<\/p>\n\n\n\n<p>Este martes, a trav\u00e9s de un video, el director general de Educaci\u00f3n Musical y Orquestas Escolares de la SEP, Ricardo Jes\u00fas Carrillo Reyna, anunci\u00f3 el silencio para estos grupos en el pa\u00eds \u201chasta nuevo aviso\u201d; en Oaxaca son tres, en la capital del estado, Zimatl\u00e1n de \u00c1lvarez y de Huajuapan de Le\u00f3n.<\/p>\n\n\n\n<p>El funcionario dio a conocer que no hay recursos econ\u00f3micos para su operaci\u00f3n, muestra de eso es que a\u00fan est\u00e1n pendientes los pagos de los meses de julio- agosto-septiembre y la primera quincena de octubre.<\/p>\n\n\n\n<p>\u201cEn estos momentos la prioridad es reforzar el sistema de salud p\u00fablica en beneficio de la poblaci\u00f3n, como sabemos el presupuesto con el que operamos en los estados ha sufrido un importante recorte de recursos para lo que resta del a\u00f1o, nuestro secretario (Esteban Moctezuma) ha realizado el mayor de los esfuerzos para tener el recurso federal para operar este programa\u201d, indic\u00f3.<\/p>\n\n\n\n<p>En la transmisi\u00f3n que realiz\u00f3 para el importante aviso, el director dijo, sin mayor tacto, que ante la falta de certeza para pagar la operatividad \u201cnos vemos en la necesidad de aplazar el programa de orquestas hasta nuevo aviso\u201d.<\/p>\n\n\n\n<figure class=\"wp-block-embed-twitter wp-block-embed is-type-rich is-provider-twitter\"><div class=\"wp-block-embed__wrapper\">\n<div class=\"twitter-tweet\"><blockquote class=\"twitter-tweet\" data-lang=\"es\"><p lang=\"es\" dir=\"ltr\"><a href=\"https:\/\/twitter.com\/hashtag\/%C3%9AltimaHora?src=hash&amp;ref_src=twsrc%5Etfw\">#\u00daltimaHora<\/a> <br>De un \u201cplumazo\u201d, la <a href=\"https:\/\/twitter.com\/SEP_mx?ref_src=twsrc%5Etfw\">@SEP_mx<\/a> cancela el programa de Orquestas de la Nueva Escuela Mexicana (ONEM), antes Orquesta Esperanza Azteca, por falta de presupuesto, seg\u00fan asegura; en el caso de Oaxaca, junto con el <a href=\"https:\/\/twitter.com\/IEEPOGobOax?ref_src=twsrc%5Etfw\">@IEEPOGobOax<\/a> a\u00fan les deben sueldos de junio a la fecha. <a href=\"https:\/\/t.co\/PbGk3xzsyn\">pic.twitter.com\/PbGk3xzsyn<\/a><\/p>&mdash; Zona Roja Oaxaca (@MexRoja) <a href=\"https:\/\/twitter.com\/MexRoja\/status\/1318557904836886528?ref_src=twsrc%5Etfw\">20 de octubre de 2020<\/a><\/blockquote><\/div>\n<\/div><\/figure>\n\n\n\n<p>Pues, adem\u00e1s, para el pr\u00f3ximo a\u00f1o no se contempla presupuesto para dichos grupos que formaban parte del programa de Escuelas de Tiempo Completo desde julio de 2019, cuando se incorporaron a la SEP.<\/p>\n\n\n\n<p>\u201cQueremos mantener las orquestas, si estas interesado en colaborar voluntariamente y seguir atendiendo a tus alumnos en los que hay certeza de los recursos, av\u00edsanos, trabajaremos a distancia\u201d agreg\u00f3 Carrillo Reyna.<\/p>\n\n\n\n<p>AMARGO ADI\u00d3S<\/p>\n\n\n\n<p>Uno de los maestros, con nueve a\u00f1os de formar parte del proyecto pero que reservaremos su nombre para evitar represalias, est\u00e1 enojado por la forma en que las autoridades desde\u00f1aron la formaci\u00f3n musical de miles de ni\u00f1os y j\u00f3venes en todo el pa\u00eds.<\/p>\n\n\n\n<p>Continuar con sus clases durante el aislamiento con la modalidad en l\u00ednea fue un reto mayor, el cual incluso no ha sido remunerado desde julio.<\/p>\n\n\n\n<p>Videollamadas, audios por Whatsapp, mensajes, fueron algunos de los m\u00e9todos con los que lograron cerrar el ciclo escolar pasado. Para este nuevo, el uso de distintas plataformas digitales tambi\u00e9n desaf\u00eda a los docentes y alumnos.<\/p>\n\n\n\n<p>Para tratar que fuera una formaci\u00f3n igual, el maestro de forma voluntaria deposit\u00f3 recargas telef\u00f3nicas a sus alumnos que no contaban con recursos para conectarse a sus clases.<\/p>\n\n\n\n<p>Esas disposiciones, el esfuerzo de todos, la tolerancia a sus pagos, entre otras situaciones burocr\u00e1ticas desde que son SEP, fueron ignoradas.<\/p>\n\n\n\n<p>\u201cEn la parte musical, la experiencia fue gratificante, muy buena. Muchos alumnos ahora estudian de forma profesional m\u00fasica tras su paso por la orquesta, me llevo grandes experiencias\u201d, mencion\u00f3 el maestro, quien a\u00fan desconoce si ser\u00e1 parte de los voluntarios.<\/p>\n\n\n\n<p>\u201cSi sigo no ser\u00e1 a nombre de la ONEM, quiz\u00e1 sea de forma personal, a\u00fan no lo decido\u201d, agreg\u00f3 el m\u00fasico, a\u00fan lleno de enojo y tristeza.<\/p>\n","protected":false},"excerpt":{"rendered":"<p>Yuridiana Sosa\/Zona Roja. Oaxaca de Ju\u00e1rez, Oax., 22 de octubre de 2020.- Un silencio invadi\u00f3&hellip;<\/p>\n","protected":false},"author":2,"featured_media":13625,"comment_status":"closed","ping_status":"open","sticky":false,"template":"","format":"standard","meta":{"_lmt_disableupdate":"","_lmt_disable":"","_jetpack_memberships_contains_paid_content":false,"footnotes":""},"categories":[109,47],"tags":[1242],"class_list":["post-19092","post","type-post","status-publish","format-standard","has-post-thumbnail","hentry","category-minuto-a-minuto","category-zona-gris","tag-orquesta-de-la-nueva-escuela-mexicana"],"jetpack_featured_media_url":"https:\/\/zonaroja.com.mx\/wp-content\/uploads\/2020\/06\/Orquesta-Nueva-Escuela-Mexicana.jpg","jetpack_sharing_enabled":true,"_links":{"self":[{"href":"https:\/\/zonaroja.com.mx\/index.php?rest_route=\/wp\/v2\/posts\/19092","targetHints":{"allow":["GET"]}}],"collection":[{"href":"https:\/\/zonaroja.com.mx\/index.php?rest_route=\/wp\/v2\/posts"}],"about":[{"href":"https:\/\/zonaroja.com.mx\/index.php?rest_route=\/wp\/v2\/types\/post"}],"author":[{"embeddable":true,"href":"https:\/\/zonaroja.com.mx\/index.php?rest_route=\/wp\/v2\/users\/2"}],"replies":[{"embeddable":true,"href":"https:\/\/zonaroja.com.mx\/index.php?rest_route=%2Fwp%2Fv2%2Fcomments&post=19092"}],"version-history":[{"count":2,"href":"https:\/\/zonaroja.com.mx\/index.php?rest_route=\/wp\/v2\/posts\/19092\/revisions"}],"predecessor-version":[{"id":19094,"href":"https:\/\/zonaroja.com.mx\/index.php?rest_route=\/wp\/v2\/posts\/19092\/revisions\/19094"}],"wp:featuredmedia":[{"embeddable":true,"href":"https:\/\/zonaroja.com.mx\/index.php?rest_route=\/wp\/v2\/media\/13625"}],"wp:attachment":[{"href":"https:\/\/zonaroja.com.mx\/index.php?rest_route=%2Fwp%2Fv2%2Fmedia&parent=19092"}],"wp:term":[{"taxonomy":"category","embeddable":true,"href":"https:\/\/zonaroja.com.mx\/index.php?rest_route=%2Fwp%2Fv2%2Fcategories&post=19092"},{"taxonomy":"post_tag","embeddable":true,"href":"https:\/\/zonaroja.com.mx\/index.php?rest_route=%2Fwp%2Fv2%2Ftags&post=19092"}],"curies":[{"name":"wp","href":"https:\/\/api.w.org\/{rel}","templated":true}]}}