{"id":19095,"date":"2020-10-22T08:21:09","date_gmt":"2020-10-22T13:21:09","guid":{"rendered":"http:\/\/www.zonaroja.com.mx\/?p=19095"},"modified":"2020-10-22T08:21:12","modified_gmt":"2020-10-22T13:21:12","slug":"el-25-de-octubre-entra-en-vigor-ley-antiplasticos-piden-difusion-en-lenguas-indigenas","status":"publish","type":"post","link":"https:\/\/zonaroja.com.mx\/?p=19095","title":{"rendered":"El 25 de octubre entra en vigor ley antipl\u00e1sticos; piden difusi\u00f3n en lenguas ind\u00edgenas"},"content":{"rendered":"\n<p>Redacci\u00f3n\/Zona Roja.<\/p>\n\n\n\n<p>Oaxaca de Ju\u00e1rez, Oax., 22 de octubre 2020.- El pr\u00f3ximo 25 de octubre entra en vigor en Oaxaca la Ley para la Prevenci\u00f3n y Gesti\u00f3n de Residuos S\u00f3lidos, por el cual queda prohibido en los establecimientos comerciales el uso o venta de utensilios de pl\u00e1stico o unicel.<\/p>\n\n\n\n<p>Previo a ello, este mi\u00e9rcoles se present\u00f3 ante la Diputaci\u00f3n Permanente un punto de acuerdo para exhortar al titular del Poder Ejecutivo estatal, a difundir, de forma masiva y en lenguas ind\u00edgenas, el contenido de la reforma citada.<\/p>\n\n\n\n<p>La proposici\u00f3n legislativa, impulsada por el presidente de la Junta de Coordinaci\u00f3n Pol\u00edtica del Congreso Local, Horacio Sosa Villavicencio, se\u00f1ala la necesidad de garantizar el derecho de los pueblos y comunidades de recibir informaci\u00f3n sobre la gesti\u00f3n, servicios y el quehacer p\u00fablico.<\/p>\n\n\n\n<p>La tarea de difusi\u00f3n, por parte del Gobierno del Estado, se encuentra prevista en el Art\u00edculo Segundo, apartado A, fracci\u00f3n VII de la Constituci\u00f3n Pol\u00edtica de los Estados Unidos Mexicanos, y el Art\u00edculo 10 de la Ley&nbsp; General de Derechos Ling\u00fc\u00edsticos de los Pueblos Ind\u00edgenas.<\/p>\n\n\n\n<p>Para el cumplimiento de este objetivo, el Ejecutivo estatal ya cuenta con una s\u00f3lida red de medios propios, articulados en la Corporaci\u00f3n Oaxaque\u00f1a de Radio y Televisi\u00f3n (Cortv).<\/p>\n\n\n\n<p>Adem\u00e1s de la capacidad de gesti\u00f3n de mensajes, mediante la Coordinaci\u00f3n de Comunicaci\u00f3n Social con diversos medios de comunicaci\u00f3n locales, regionales y estatales.<\/p>\n\n\n\n<figure class=\"wp-block-embed-twitter wp-block-embed is-type-rich is-provider-twitter\"><div class=\"wp-block-embed__wrapper\">\n<div class=\"twitter-tweet\"><blockquote class=\"twitter-tweet\" data-lang=\"es\"><p lang=\"es\" dir=\"ltr\">(2) Tambi\u00e9n, en entrevista, <a href=\"https:\/\/twitter.com\/HoracioSosaOax?ref_src=twsrc%5Etfw\">@HoracioSosaOax<\/a> pidi\u00f3 a las autoridades vigilar la aplicaci\u00f3n de la ley de eliminaci\u00f3n de utensilios desechables e implementar campa\u00f1as de difusi\u00f3n en lengua ind\u00edgena: critic\u00f3 que la <a href=\"https:\/\/twitter.com\/SEMAEDESO?ref_src=twsrc%5Etfw\">@SEMAEDESO<\/a> que preside <a href=\"https:\/\/twitter.com\/samygurrion?ref_src=twsrc%5Etfw\">@samygurrion<\/a>, no haya hecho nada al respecto. <a href=\"https:\/\/t.co\/eSBNyCmE27\">pic.twitter.com\/eSBNyCmE27<\/a><\/p>&mdash; Zona Roja Oaxaca (@MexRoja) <a href=\"https:\/\/twitter.com\/MexRoja\/status\/1319256158989856769?ref_src=twsrc%5Etfw\">22 de octubre de 2020<\/a><\/blockquote><\/div>\n<\/div><\/figure>\n\n\n\n<p>La ley que proh\u00edbe en el estado de Oaxaca la venta, distribuci\u00f3n o uso de botellas desechables de tereftalato de polietileno (PET), as\u00ed como envases y embalajes desechables de poliestireno expandido (unicel), entr\u00f3 en vigor el pasado 28 de junio de 2019 tras publicarse en el Peri\u00f3dico Oficial del Estado de Oaxaca.<\/p>\n\n\n\n<p>Sin embargo, se otorg\u00f3 una pr\u00f3rroga de seis meses, misma que concluye este 25 de octubre.<\/p>\n\n\n\n<p>La iniciativa con punto de acuerdo recibida por la Diputaci\u00f3n Permanente, fue turnada a la Comisi\u00f3n Permanente correspondiente para su an\u00e1lisis y dictamen.<\/p>\n\n\n\n<p>En entrevista posterior, el diputado Horacio Sosa lament\u00f3 que la Secretar\u00eda del Medio Ambiente de Oaxaca, que preside Samuel Gurri\u00f3n Mat\u00edas, no haya hecho nada respecto a la difusi\u00f3n de estas medidas.<\/p>\n\n\n\n<p>\u201cVamos a seguir exigiendo desde este Congreso que se cumpla la ley y que se ejerza; el gobernador tuvo en su momento la facultad de veto en su momento y no lo hizo, porque Alejandro Murat sabe que es algo que beneficia a todos, es momento que hagamos conciencia, de la unidad y de trabajar en pro del planeta\u201d, expuso.<\/p>\n","protected":false},"excerpt":{"rendered":"<p>Redacci\u00f3n\/Zona Roja. Oaxaca de Ju\u00e1rez, Oax., 22 de octubre 2020.- El pr\u00f3ximo 25 de octubre&hellip;<\/p>\n","protected":false},"author":2,"featured_media":19096,"comment_status":"closed","ping_status":"open","sticky":false,"template":"","format":"standard","meta":{"_lmt_disableupdate":"","_lmt_disable":"","_jetpack_memberships_contains_paid_content":false,"footnotes":""},"categories":[109,52],"tags":[444],"class_list":["post-19095","post","type-post","status-publish","format-standard","has-post-thumbnail","hentry","category-minuto-a-minuto","category-zona-verde","tag-horacio-sosa-villavicencio"],"jetpack_featured_media_url":"https:\/\/zonaroja.com.mx\/wp-content\/uploads\/2020\/10\/Horacio-Sosa-entrevista-1.jpg","jetpack_sharing_enabled":true,"_links":{"self":[{"href":"https:\/\/zonaroja.com.mx\/index.php?rest_route=\/wp\/v2\/posts\/19095","targetHints":{"allow":["GET"]}}],"collection":[{"href":"https:\/\/zonaroja.com.mx\/index.php?rest_route=\/wp\/v2\/posts"}],"about":[{"href":"https:\/\/zonaroja.com.mx\/index.php?rest_route=\/wp\/v2\/types\/post"}],"author":[{"embeddable":true,"href":"https:\/\/zonaroja.com.mx\/index.php?rest_route=\/wp\/v2\/users\/2"}],"replies":[{"embeddable":true,"href":"https:\/\/zonaroja.com.mx\/index.php?rest_route=%2Fwp%2Fv2%2Fcomments&post=19095"}],"version-history":[{"count":1,"href":"https:\/\/zonaroja.com.mx\/index.php?rest_route=\/wp\/v2\/posts\/19095\/revisions"}],"predecessor-version":[{"id":19097,"href":"https:\/\/zonaroja.com.mx\/index.php?rest_route=\/wp\/v2\/posts\/19095\/revisions\/19097"}],"wp:featuredmedia":[{"embeddable":true,"href":"https:\/\/zonaroja.com.mx\/index.php?rest_route=\/wp\/v2\/media\/19096"}],"wp:attachment":[{"href":"https:\/\/zonaroja.com.mx\/index.php?rest_route=%2Fwp%2Fv2%2Fmedia&parent=19095"}],"wp:term":[{"taxonomy":"category","embeddable":true,"href":"https:\/\/zonaroja.com.mx\/index.php?rest_route=%2Fwp%2Fv2%2Fcategories&post=19095"},{"taxonomy":"post_tag","embeddable":true,"href":"https:\/\/zonaroja.com.mx\/index.php?rest_route=%2Fwp%2Fv2%2Ftags&post=19095"}],"curies":[{"name":"wp","href":"https:\/\/api.w.org\/{rel}","templated":true}]}}