{"id":19101,"date":"2020-10-22T10:12:28","date_gmt":"2020-10-22T15:12:28","guid":{"rendered":"http:\/\/www.zonaroja.com.mx\/?p=19101"},"modified":"2020-10-22T10:12:32","modified_gmt":"2020-10-22T15:12:32","slug":"sigue-grave-obispo-lona-reyes-a-donantes-piden-evitar-lucro","status":"publish","type":"post","link":"https:\/\/zonaroja.com.mx\/?p=19101","title":{"rendered":"Sigue grave obispo Lona Reyes; a donantes, piden evitar lucro"},"content":{"rendered":"\n<p>Evlin Arag\u00f3n\/Zona Roja.<\/p>\n\n\n\n<p>Oaxaca de Ju\u00e1rez, Oax., 22 de octubre de 2020.- Como muy delicada, incluso grave, fue reportada la salud del obispo Arturo Lona Reyes, luego de que el martes fuera hospitalizado en Lagunas, El Barrio La Soledad, regi\u00f3n del Istmo.<\/p>\n\n\n\n<p>As\u00ed lo dio a conocer el secretario Canciller de la Di\u00f3cesis de Tehuantepec, Joaqu\u00edn Galv\u00e1n Galv\u00e1n, quien aseguro que el obispo em\u00e9rito ha tenido problemas respiratorios, cardiacos, renal &#8211;debido a la diabetes&#8211;, adem\u00e1s de circulatorios en las \u00faltimas horas.<\/p>\n\n\n\n<p>Por lo anterior se encuentra hospitalizado en terapia intensiva, \u00e1rea que por protocolo no permite el acceso a ninguna persona, sin embargo, ha sido Silvia, la sobrina del sacerdote quien adem\u00e1s es enfermera, la que se ha hecho responsable de la atenci\u00f3n directa.&nbsp;<\/p>\n\n\n\n<p>Las autoridades eclesi\u00e1sticas explicaron que si bien se le hizo la prueba de Covid-19, los resultados a\u00fan no han sido entregados, por lo que se mantienen a la espera para dar mayor informaci\u00f3n al respecto, sin embargo, reiteraron que la situaci\u00f3n es grave.&nbsp;&nbsp;&nbsp;<\/p>\n\n\n\n<p>\u201cEl \u00faltimo reporte es que ha mejorado su funci\u00f3n pulmonar, han bajado los par\u00e1metros del ventilador. Preocupa la funci\u00f3n cardiaca, bajaron las dosis de Norepunefrina, pero la Dobutamina es alta.<\/p>\n\n\n\n<p>\u201cSus ri\u00f1ones responden bien, a pesar de su deterior, en el transcurso de este d\u00eda ser\u00e1 valorado en cardiolog\u00eda. Aunque est\u00e1 m\u00e1s estable que ayer no est\u00e1 fuera de peligro\u201d, refiere el documento.&nbsp;<\/p>\n\n\n\n<p>As\u00ed mismo, explic\u00f3 que los costos de la atenci\u00f3n m\u00e9dica est\u00e1n asumidos por Obra de Cl\u00e9rigos en Ayuda Solidaria A. R. (OCEAS), la Di\u00f3cesis de Tehuantepec y la ayuda de personas de buena voluntad que han mostrado su afecto por el sacerdote, quienes pueden seguir realizando sus aportes directamente con las autoridades eclesi\u00e1sticas para evitar cualquier tipo de lucro indebido.&nbsp;<\/p>\n\n\n\n<p>Finalmente pidi\u00f3 a la comunidad diocesana mantener las oraciones para el padre Arturo Lona, con la intenci\u00f3n de que pueda recuperar su salud y mantener su compromiso con las causas sociales y justas.<\/p>\n\n\n\n<p>A este llamado se uni\u00f3 el arzobispo Pedro V\u00e1zquez Villalobos quien desde el martes pasado exhort\u00f3 a las y los feligreses a mantener en sus oraciones la salud del sacerdote.<\/p>\n","protected":false},"excerpt":{"rendered":"<p>Evlin Arag\u00f3n\/Zona Roja. Oaxaca de Ju\u00e1rez, Oax., 22 de octubre de 2020.- Como muy delicada,&hellip;<\/p>\n","protected":false},"author":2,"featured_media":19102,"comment_status":"closed","ping_status":"open","sticky":false,"template":"","format":"standard","meta":{"_lmt_disableupdate":"","_lmt_disable":"","_jetpack_memberships_contains_paid_content":false,"footnotes":""},"categories":[109,47],"tags":[2126],"class_list":["post-19101","post","type-post","status-publish","format-standard","has-post-thumbnail","hentry","category-minuto-a-minuto","category-zona-gris","tag-arturo-lona-reyes"],"jetpack_featured_media_url":"https:\/\/zonaroja.com.mx\/wp-content\/uploads\/2020\/10\/Arturo-Lona-Reyes-2.png","jetpack_sharing_enabled":true,"_links":{"self":[{"href":"https:\/\/zonaroja.com.mx\/index.php?rest_route=\/wp\/v2\/posts\/19101","targetHints":{"allow":["GET"]}}],"collection":[{"href":"https:\/\/zonaroja.com.mx\/index.php?rest_route=\/wp\/v2\/posts"}],"about":[{"href":"https:\/\/zonaroja.com.mx\/index.php?rest_route=\/wp\/v2\/types\/post"}],"author":[{"embeddable":true,"href":"https:\/\/zonaroja.com.mx\/index.php?rest_route=\/wp\/v2\/users\/2"}],"replies":[{"embeddable":true,"href":"https:\/\/zonaroja.com.mx\/index.php?rest_route=%2Fwp%2Fv2%2Fcomments&post=19101"}],"version-history":[{"count":1,"href":"https:\/\/zonaroja.com.mx\/index.php?rest_route=\/wp\/v2\/posts\/19101\/revisions"}],"predecessor-version":[{"id":19103,"href":"https:\/\/zonaroja.com.mx\/index.php?rest_route=\/wp\/v2\/posts\/19101\/revisions\/19103"}],"wp:featuredmedia":[{"embeddable":true,"href":"https:\/\/zonaroja.com.mx\/index.php?rest_route=\/wp\/v2\/media\/19102"}],"wp:attachment":[{"href":"https:\/\/zonaroja.com.mx\/index.php?rest_route=%2Fwp%2Fv2%2Fmedia&parent=19101"}],"wp:term":[{"taxonomy":"category","embeddable":true,"href":"https:\/\/zonaroja.com.mx\/index.php?rest_route=%2Fwp%2Fv2%2Fcategories&post=19101"},{"taxonomy":"post_tag","embeddable":true,"href":"https:\/\/zonaroja.com.mx\/index.php?rest_route=%2Fwp%2Fv2%2Ftags&post=19101"}],"curies":[{"name":"wp","href":"https:\/\/api.w.org\/{rel}","templated":true}]}}