{"id":19104,"date":"2020-10-22T15:27:35","date_gmt":"2020-10-22T20:27:35","guid":{"rendered":"http:\/\/www.zonaroja.com.mx\/?p=19104"},"modified":"2020-10-22T15:27:37","modified_gmt":"2020-10-22T20:27:37","slug":"reiteran-en-san-antonio-de-la-cal-peticion-de-salida-de-comisionado-municipal","status":"publish","type":"post","link":"https:\/\/zonaroja.com.mx\/?p=19104","title":{"rendered":"Reiteran en San Antonio de la Cal petici\u00f3n de salida de comisionado municipal"},"content":{"rendered":"\n<p>Evlin Arag\u00f3n\/Zona Roja.<\/p>\n\n\n\n<p>Oaxaca de Ju\u00e1rez, Oax., 22 de octubre de 2020.- Representantes de San Antonio de la Cal solicitaron de nueva cuenta al gobierno de Oaxaca, encabezado por Alejandro Murat Hinojosa, que realice el nombramiento de una autoridad municipal con la representaci\u00f3n de la ciudadan\u00eda y se retire de inmediato al actual administrador, Alfonso Escobar Mateo, a quien acusan de desatenci\u00f3n y falta de servicios p\u00fablicos.&nbsp;<\/p>\n\n\n\n<p>Lo anterior en conferencia de prensa que realizaron la ma\u00f1ana de este jueves en la localidad y donde pidieron que se cumpla con la sentencia emitida por la Sala Xalapa del Tribunal Electoral del Poder Judicial de la Federaci\u00f3n, que refiere la conformaci\u00f3n de un Consejo Municipal que se haga cargo de la administraci\u00f3n hasta que se lleve a cabo la elecci\u00f3n extraordinaria en la localidad.&nbsp;&nbsp;<\/p>\n\n\n\n<p>Montserrat Santiago indic\u00f3 que, pese a los constantes oficios emitidos a las autoridades estatales competentes, gobernador y Congreso local, se siguen vulnerando los derechos electorales de quienes habitan en el municipio al no cumplir con las resoluciones dictadas por la m\u00e1xima autoridad en la materia.&nbsp;<\/p>\n\n\n\n<p>\u201cEn ning\u00fan momento tanto el gobernador, el Congreso del Estado, muchos menos el comisionado designado en nuestra poblaci\u00f3n ha tomado acciones que demuestren que pretenden integrar dicho consejo, acatando la resoluci\u00f3n. As\u00ed tambi\u00e9n se violentan nuestros derechos electorales\u201d, refiri\u00f3.&nbsp;&nbsp;&nbsp;<\/p>\n\n\n\n<p>Lejos de tomar en consideraci\u00f3n la sentencia, d\u00edas despu\u00e9s de ser emitida, las autoridades nombraron a Alfonso Escobar Mateos como comisionado de la poblaci\u00f3n, persona que aseguran nunca trat\u00f3 de conciliar al pueblo, por el contrario, act\u00faa con despotismo y prepotencia.\u00a0<\/p>\n\n\n\n<figure class=\"wp-block-embed-twitter wp-block-embed is-type-rich is-provider-twitter\"><div class=\"wp-block-embed__wrapper\">\n<div class=\"twitter-tweet\"><blockquote class=\"twitter-tweet\" data-lang=\"es\"><p lang=\"es\" dir=\"ltr\"><a href=\"https:\/\/twitter.com\/hashtag\/ENVIVO?src=hash&amp;ref_src=twsrc%5Etfw\">#ENVIVO<\/a><br>San Antonio de la Cal, Oax., 22 de octubre de 2020.- Representantes de la poblaci\u00f3n solicitan al gobierno de <a href=\"https:\/\/twitter.com\/hashtag\/Oaxaca?src=hash&amp;ref_src=twsrc%5Etfw\">#Oaxaca<\/a> se nombre a una autoridad formal con ciudadanos de la localidad y se retire al administrador, por desatenci\u00f3n.<br>Aqu\u00ed \ud83d\udc47<a href=\"https:\/\/t.co\/uh5I42A5LS\">https:\/\/t.co\/uh5I42A5LS<\/a> <a href=\"https:\/\/t.co\/n6JQsVXIdb\">pic.twitter.com\/n6JQsVXIdb<\/a><\/p>&mdash; Zona Roja Oaxaca (@MexRoja) <a href=\"https:\/\/twitter.com\/MexRoja\/status\/1319316589498478593?ref_src=twsrc%5Etfw\">22 de octubre de 2020<\/a><\/blockquote><\/div>\n<\/div><\/figure>\n\n\n\n<p>Denunciaron que con la llegada del comisionado municipal han dejado de contar con los servicios b\u00e1sicos de agua potable, seguridad y vialidad, recolecci\u00f3n de basura, entre otro, adem\u00e1s de no contar con la intenci\u00f3n de cumplir con su principal tarea que es la de integrar un Consejo Municipal.&nbsp;<\/p>\n\n\n\n<p>Pese a las constantes denuncias, el pasado 27 de septiembre la Secretar\u00eda General de Gobierno dio un nombramiento de continuidad para que Escobar Mateos se mantenga en el cargo, lo anterior aseguraron debido al padrinazgo de Sosa Villavicencio que ha originado el crecimiento de la problem\u00e1tica en la localidad.&nbsp;<\/p>\n\n\n\n<p>Recordaron que el cargo de comisionado es provisional y no puede estar al frente del municipio m\u00e1s all\u00e1 de 60 d\u00edas, tiempo en el que debe realizar su principal funci\u00f3n, sin contar con acceso al recurso de los ramos 28 y 33, por lo que la permanencia de este personaje en el cargo infringe la ley local y desacata las resoluciones electorales de car\u00e1cter federal.&nbsp;<\/p>\n\n\n\n<p>Por lo anterior, solicitaron una audiencia con el reci\u00e9n nombrado secretario de Gobierno, Francisco L\u00f3pez Garc\u00eda, a quien le pidieron separar del cargo de manera definitiva al comisionado y se integre de forma inmediata el Consejo Municipal, todo ello en el marco de la ley.&nbsp;<\/p>\n","protected":false},"excerpt":{"rendered":"<p>Evlin Arag\u00f3n\/Zona Roja. Oaxaca de Ju\u00e1rez, Oax., 22 de octubre de 2020.- Representantes de San&hellip;<\/p>\n","protected":false},"author":2,"featured_media":19105,"comment_status":"closed","ping_status":"open","sticky":false,"template":"","format":"standard","meta":{"_lmt_disableupdate":"","_lmt_disable":"","_jetpack_memberships_contains_paid_content":false,"footnotes":""},"categories":[109,47],"tags":[875],"class_list":["post-19104","post","type-post","status-publish","format-standard","has-post-thumbnail","hentry","category-minuto-a-minuto","category-zona-gris","tag-san-antonio-de-la-cal"],"jetpack_featured_media_url":"https:\/\/zonaroja.com.mx\/wp-content\/uploads\/2020\/10\/Conferencia-Santa-Lucia-del-Camino.jpg","jetpack_sharing_enabled":true,"_links":{"self":[{"href":"https:\/\/zonaroja.com.mx\/index.php?rest_route=\/wp\/v2\/posts\/19104","targetHints":{"allow":["GET"]}}],"collection":[{"href":"https:\/\/zonaroja.com.mx\/index.php?rest_route=\/wp\/v2\/posts"}],"about":[{"href":"https:\/\/zonaroja.com.mx\/index.php?rest_route=\/wp\/v2\/types\/post"}],"author":[{"embeddable":true,"href":"https:\/\/zonaroja.com.mx\/index.php?rest_route=\/wp\/v2\/users\/2"}],"replies":[{"embeddable":true,"href":"https:\/\/zonaroja.com.mx\/index.php?rest_route=%2Fwp%2Fv2%2Fcomments&post=19104"}],"version-history":[{"count":1,"href":"https:\/\/zonaroja.com.mx\/index.php?rest_route=\/wp\/v2\/posts\/19104\/revisions"}],"predecessor-version":[{"id":19106,"href":"https:\/\/zonaroja.com.mx\/index.php?rest_route=\/wp\/v2\/posts\/19104\/revisions\/19106"}],"wp:featuredmedia":[{"embeddable":true,"href":"https:\/\/zonaroja.com.mx\/index.php?rest_route=\/wp\/v2\/media\/19105"}],"wp:attachment":[{"href":"https:\/\/zonaroja.com.mx\/index.php?rest_route=%2Fwp%2Fv2%2Fmedia&parent=19104"}],"wp:term":[{"taxonomy":"category","embeddable":true,"href":"https:\/\/zonaroja.com.mx\/index.php?rest_route=%2Fwp%2Fv2%2Fcategories&post=19104"},{"taxonomy":"post_tag","embeddable":true,"href":"https:\/\/zonaroja.com.mx\/index.php?rest_route=%2Fwp%2Fv2%2Ftags&post=19104"}],"curies":[{"name":"wp","href":"https:\/\/api.w.org\/{rel}","templated":true}]}}