{"id":19107,"date":"2020-10-22T16:08:17","date_gmt":"2020-10-22T21:08:17","guid":{"rendered":"http:\/\/www.zonaroja.com.mx\/?p=19107"},"modified":"2020-10-22T16:08:22","modified_gmt":"2020-10-22T21:08:22","slug":"el-cipo-se-va-de-palacio-de-gobierno-de-oaxaca-pero-ahora-toma-inpi","status":"publish","type":"post","link":"https:\/\/zonaroja.com.mx\/?p=19107","title":{"rendered":"El CIPO se va de Palacio de Gobierno de Oaxaca, pero ahora \u201ctoma\u201d INPI"},"content":{"rendered":"\n<p>Yuridiana Sosa\/Zona Roja.<\/p>\n\n\n\n<p>Oaxaca de Ju\u00e1rez, Oax., 22 de octubre de 2020.- Tras alcanzar acuerdos con Gobierno del Estado, el Consejo Ind\u00edgena Popular de Oaxaca \u201cRicardo Flores Mag\u00f3n\u201d (CIPO-RFM) retir\u00f3 su campamento al exterior de Palacio de Gobierno, pero se moviliz\u00f3 para \u201ctomar\u201d las oficinas del INPI, en la capital del estado.<\/p>\n\n\n\n<p>Los manifestantes instalaron un campamento de forma indefinida al exterior del Instituto Nacional de los Pueblos Ind\u00edgenas (INPI), en avenida Heroico Colegio Militar, en la colonia Reforma, al norte de la ciudad.<\/p>\n\n\n\n<p>La nueva movilizaci\u00f3n que iniciaron hoy es en apoyo a los ind\u00edgenas del pueblo Otom\u00ed que radican en la Ciudad de M\u00e9xico y quienes desde el pasado 12 de octubre se apoderaron de las instalaciones de la instituci\u00f3n que dirige el oaxaque\u00f1o Adelfo Regino Montes, para exigir atenci\u00f3n para garantizar su derecho a una vivienda digna, al trabajo, educaci\u00f3n y servicios de salud.<\/p>\n\n\n\n<figure class=\"wp-block-embed-twitter wp-block-embed is-type-rich is-provider-twitter\"><div class=\"wp-block-embed__wrapper\">\n<div class=\"twitter-tweet\"><blockquote class=\"twitter-tweet\" data-lang=\"es\"><p lang=\"es\" dir=\"ltr\">(1) Luego de cuatro d\u00edas de protesta y tras reuni\u00f3n con <a href=\"https:\/\/twitter.com\/alejandromurat?ref_src=twsrc%5Etfw\">@AlejandroMurat<\/a>, el Consejo Ind\u00edgena Popular de Oaxaca dio un receso al <a href=\"https:\/\/twitter.com\/GobOax?ref_src=twsrc%5Etfw\">@GobOax<\/a>; esperar\u00e1 a que cumpla acuerdos, entre ellos regreso de Ra\u00fal Gatica a la entidad; de lo contrario,el 17 de noviembre reanudar\u00e1n manifestaciones. <a href=\"https:\/\/t.co\/lsGUn0A2B5\">pic.twitter.com\/lsGUn0A2B5<\/a><\/p>&mdash; Zona Roja Oaxaca (@MexRoja) <a href=\"https:\/\/twitter.com\/MexRoja\/status\/1319379593955053578?ref_src=twsrc%5Etfw\">22 de octubre de 2020<\/a><\/blockquote><\/div>\n<\/div><\/figure>\n\n\n\n<p>El CIPO arrib\u00f3 a la dependencia posterior al medio d\u00eda; su dirigente Miguel Cruz Moreno inform\u00f3 que sus demandas planteadas al Gobierno del Estado se est\u00e1n encaminando en las distintas dependencias, y por lo las cuales comenz\u00f3 movilizaciones desde el lunes.<\/p>\n\n\n\n<p>\u201cEl CIPO-RFM exigimos al titular del Instituto Nacional de los Pueblos Ind\u00edgenas que no queremos un INPI ciego, sordo, mudo y sumiso, que permita los atropellos, muerte y despojo a los pueblos originarios; que d\u00e9 soluci\u00f3n inmediata a la comunidad otom\u00ed\u201d, expuso la organizaci\u00f3n.<\/p>\n\n\n\n<p>Esta \u201ctoma\u201d en el INPI se suma a la que el pasado 20 de octubre tambi\u00e9n realiz\u00f3 un grupo de ind\u00edgenas mixes del pueblo Ayuuk, integrantes de la Uni\u00f3n de las Comunidades de la Zona Norte del Istmo (UCIZONI), en el Centro Coordinador del INPI en San Juan Guichicovi.<\/p>\n\n\n\n<figure class=\"wp-block-embed-twitter wp-block-embed is-type-rich is-provider-twitter\"><div class=\"wp-block-embed__wrapper\">\n<div class=\"twitter-tweet\"><blockquote class=\"twitter-tweet\" data-lang=\"es\"><p lang=\"es\" dir=\"ltr\">(2) Tras retirarse del Palacio de Gobierno, los integrantes del Consejo Ind\u00edgena Popular de Oaxaca se concentraron en la sede del <a href=\"https:\/\/twitter.com\/INPImx?ref_src=twsrc%5Etfw\">@INPImx<\/a> en la capital del estado, para exigir a su titular, <a href=\"https:\/\/twitter.com\/DEELAYUUK?ref_src=twsrc%5Etfw\">@DEELAYUUK<\/a>, que escuche y atienda las demandas de los pueblos, como el Otom\u00ed. <a href=\"https:\/\/t.co\/MreBb9Pq4F\">pic.twitter.com\/MreBb9Pq4F<\/a><\/p>&mdash; Zona Roja Oaxaca (@MexRoja) <a href=\"https:\/\/twitter.com\/MexRoja\/status\/1319380890380849153?ref_src=twsrc%5Etfw\">22 de octubre de 2020<\/a><\/blockquote><\/div>\n<\/div><\/figure>\n\n\n\n<p>En la Ciudad de M\u00e9xico una comunidad de ind\u00edgenas originarios de Santiago Mexquititl\u00e1n, del municipio de Amealco, Quer\u00e9taro, que radican en la capital del pa\u00eds desde al menos 20 a\u00f1os, se instalaron en la planta baja y primer piso del edificio del INPI.<\/p>\n\n\n\n<p>Los otom\u00edes fueron desalojados de un campamento que instalaron en la v\u00eda p\u00fablica tras los da\u00f1os que sufri\u00f3 el edificio que habitaban con el sismo de 2017. Les prometieron regularizar su situaci\u00f3n de vivienda, pero nunca se cumpli\u00f3.<\/p>\n","protected":false},"excerpt":{"rendered":"<p>Yuridiana Sosa\/Zona Roja. Oaxaca de Ju\u00e1rez, Oax., 22 de octubre de 2020.- Tras alcanzar acuerdos&hellip;<\/p>\n","protected":false},"author":2,"featured_media":19108,"comment_status":"closed","ping_status":"open","sticky":false,"template":"","format":"standard","meta":{"_lmt_disableupdate":"","_lmt_disable":"","_jetpack_memberships_contains_paid_content":false,"footnotes":""},"categories":[109,47],"tags":[2123],"class_list":["post-19107","post","type-post","status-publish","format-standard","has-post-thumbnail","hentry","category-minuto-a-minuto","category-zona-gris","tag-consejo-indigena-popular-de-oaxaca-cipo"],"jetpack_featured_media_url":"https:\/\/zonaroja.com.mx\/wp-content\/uploads\/2020\/10\/CIPO-en-el-INPI.jpg","jetpack_sharing_enabled":true,"_links":{"self":[{"href":"https:\/\/zonaroja.com.mx\/index.php?rest_route=\/wp\/v2\/posts\/19107","targetHints":{"allow":["GET"]}}],"collection":[{"href":"https:\/\/zonaroja.com.mx\/index.php?rest_route=\/wp\/v2\/posts"}],"about":[{"href":"https:\/\/zonaroja.com.mx\/index.php?rest_route=\/wp\/v2\/types\/post"}],"author":[{"embeddable":true,"href":"https:\/\/zonaroja.com.mx\/index.php?rest_route=\/wp\/v2\/users\/2"}],"replies":[{"embeddable":true,"href":"https:\/\/zonaroja.com.mx\/index.php?rest_route=%2Fwp%2Fv2%2Fcomments&post=19107"}],"version-history":[{"count":1,"href":"https:\/\/zonaroja.com.mx\/index.php?rest_route=\/wp\/v2\/posts\/19107\/revisions"}],"predecessor-version":[{"id":19109,"href":"https:\/\/zonaroja.com.mx\/index.php?rest_route=\/wp\/v2\/posts\/19107\/revisions\/19109"}],"wp:featuredmedia":[{"embeddable":true,"href":"https:\/\/zonaroja.com.mx\/index.php?rest_route=\/wp\/v2\/media\/19108"}],"wp:attachment":[{"href":"https:\/\/zonaroja.com.mx\/index.php?rest_route=%2Fwp%2Fv2%2Fmedia&parent=19107"}],"wp:term":[{"taxonomy":"category","embeddable":true,"href":"https:\/\/zonaroja.com.mx\/index.php?rest_route=%2Fwp%2Fv2%2Fcategories&post=19107"},{"taxonomy":"post_tag","embeddable":true,"href":"https:\/\/zonaroja.com.mx\/index.php?rest_route=%2Fwp%2Fv2%2Ftags&post=19107"}],"curies":[{"name":"wp","href":"https:\/\/api.w.org\/{rel}","templated":true}]}}