{"id":19114,"date":"2020-10-22T18:49:12","date_gmt":"2020-10-22T23:49:12","guid":{"rendered":"http:\/\/www.zonaroja.com.mx\/?p=19114"},"modified":"2020-10-22T18:49:18","modified_gmt":"2020-10-22T23:49:18","slug":"reprochan-a-dirigente-del-pri-que-pida-a-ediles-de-su-partido-que-roben","status":"publish","type":"post","link":"https:\/\/zonaroja.com.mx\/?p=19114","title":{"rendered":"Reprochan a dirigente del PRI que pida a ediles de su partido que roben"},"content":{"rendered":"\n<p>Evlin Arag\u00f3n\/Zona Roja.<\/p>\n\n\n\n<p>Oaxaca de Ju\u00e1rez, Oax., 22 de octubre de 2020.- El diputado local por el Partido del Trabajo, C\u00e9sar Morales Ni\u00f1o, reproch\u00f3 que el presidente del Comit\u00e9 Directivo Estatal del Partido Revolucionario Institucional (PRI), Eduardo Rojas Zavaleta, promueva que los ediles priistas roben, siempre y cuando apoyen a la poblaci\u00f3n con lo que les sobre.&nbsp;<\/p>\n\n\n\n<p>De acuerdo con el legislador, lo anterior promueve la complicidad ante los actos de corrupci\u00f3n que se puedan llevar a cabo por los presidentes municipales, emanados del tricolor, a sabiendas que el desvi\u00f3 y mal uso de los recursos p\u00fablicos es un delito y se ha convertido en el lastre de la sociedad mexicana en las \u00faltimas d\u00e9cadas.<\/p>\n\n\n\n<p>Dichas declaraciones las expuso este mi\u00e9rcoles en sesi\u00f3n de la Diputaci\u00f3n Permanente, luego de presentar el video que se difundi\u00f3 en redes sociales, donde el dirigente estatal del PRI avala el robo del recurso p\u00fablico por parte de ediles emanados del PRI, a quienes pidi\u00f3 no olvidar hacer obra p\u00fablica.&nbsp;<\/p>\n\n\n\n<p>\u201cSi vemos a un presidente como que est\u00e1 flojeando pues vamos a decirle \u00a1oye, cumple con lo que prometiste a nombre del PRI! Si vemos que se est\u00e1 llevando mucho, le vamos a decir reparte un poco a la gente y con lo dem\u00e1s haz obras, r\u00f3bate algo, lo que sobre lo dejas para ti\u00bb, refiri\u00f3 Rojas Zavaleta en un evento con la militancia de la regi\u00f3n de la Cuenca del Papaloapan.\u00a0<\/p>\n\n\n\n<figure class=\"wp-block-embed-twitter wp-block-embed is-type-rich is-provider-twitter\"><div class=\"wp-block-embed__wrapper\">\n<div class=\"twitter-tweet\"><blockquote class=\"twitter-tweet\" data-lang=\"es\"><p lang=\"es\" dir=\"ltr\"><a href=\"https:\/\/twitter.com\/hashtag\/%C3%9AltimoMinuto?src=hash&amp;ref_src=twsrc%5Etfw\">#\u00daltimoMinuto<\/a> <br>En la sesi\u00f3n del <a href=\"https:\/\/twitter.com\/CongresoOaxLXIV?ref_src=twsrc%5Etfw\">@CongresoOaxLXIV<\/a>, el diputado <a href=\"https:\/\/twitter.com\/cesarmoralesn?ref_src=twsrc%5Etfw\">@cesarmoralesn<\/a> reproch\u00f3 que el presidente del <a href=\"https:\/\/twitter.com\/PRIOaxacaCDE?ref_src=twsrc%5Etfw\">@PRIOaxacaCDE<\/a>, <a href=\"https:\/\/twitter.com\/LaloRojas2016?ref_src=twsrc%5Etfw\">@LaloRojas2016<\/a>, promueva que los ediles priistas \u201croben\u201d y que lo que quede apoyen a la poblaci\u00f3n; indic\u00f3 que el dirigente promueve con ello la corrupci\u00f3n. <a href=\"https:\/\/t.co\/cALQXLkn0k\">pic.twitter.com\/cALQXLkn0k<\/a><\/p>&mdash; Zona Roja Oaxaca (@MexRoja) <a href=\"https:\/\/twitter.com\/MexRoja\/status\/1318972889291476993?ref_src=twsrc%5Etfw\">21 de octubre de 2020<\/a><\/blockquote><\/div>\n<\/div><\/figure>\n\n\n\n<p>Para el legislador petista dicho mensaje, independientemente de propiciar la corrupci\u00f3n, va en contra de la esencia democr\u00e1tica de los partidos pol\u00edticos y del actuar de sus dirigentes, el cual dijo debe estar regido por las leyes que hoy en d\u00eda sancionan la corrupci\u00f3n.&nbsp;<\/p>\n\n\n\n<p>Asegur\u00f3 que las declaraciones no son \u00e9ticamente correctas, por el contrario, implican un acto de corrupci\u00f3n pol\u00edtica que pidi\u00f3 sea investigada por el Instituto Estatal Electoral y de Participaci\u00f3n Ciudadana, as\u00ed como los \u00f3rganos fiscalizadores, local y federal.&nbsp;<\/p>\n\n\n\n<p>As\u00ed mismo pidi\u00f3 que dichos organismos investiguen a los presidentes municipales que se est\u00e1n llevando mucho y que est\u00e1n dejando poco para la obra p\u00fablica, a fin de cumplir con los compromisos que ha hecho el partido tricolor, tal y como se los instruye en el video difundo el l\u00edder partidista.<\/p>\n","protected":false},"excerpt":{"rendered":"<p>Evlin Arag\u00f3n\/Zona Roja. Oaxaca de Ju\u00e1rez, Oax., 22 de octubre de 2020.- El diputado local&hellip;<\/p>\n","protected":false},"author":2,"featured_media":19115,"comment_status":"closed","ping_status":"open","sticky":false,"template":"","format":"standard","meta":{"_lmt_disableupdate":"","_lmt_disable":"","_jetpack_memberships_contains_paid_content":false,"footnotes":""},"categories":[109,47],"tags":[612],"class_list":["post-19114","post","type-post","status-publish","format-standard","has-post-thumbnail","hentry","category-minuto-a-minuto","category-zona-gris","tag-cesar-morales-nino"],"jetpack_featured_media_url":"https:\/\/zonaroja.com.mx\/wp-content\/uploads\/2020\/10\/Cesar-Morales-1.jpg","jetpack_sharing_enabled":true,"_links":{"self":[{"href":"https:\/\/zonaroja.com.mx\/index.php?rest_route=\/wp\/v2\/posts\/19114","targetHints":{"allow":["GET"]}}],"collection":[{"href":"https:\/\/zonaroja.com.mx\/index.php?rest_route=\/wp\/v2\/posts"}],"about":[{"href":"https:\/\/zonaroja.com.mx\/index.php?rest_route=\/wp\/v2\/types\/post"}],"author":[{"embeddable":true,"href":"https:\/\/zonaroja.com.mx\/index.php?rest_route=\/wp\/v2\/users\/2"}],"replies":[{"embeddable":true,"href":"https:\/\/zonaroja.com.mx\/index.php?rest_route=%2Fwp%2Fv2%2Fcomments&post=19114"}],"version-history":[{"count":1,"href":"https:\/\/zonaroja.com.mx\/index.php?rest_route=\/wp\/v2\/posts\/19114\/revisions"}],"predecessor-version":[{"id":19116,"href":"https:\/\/zonaroja.com.mx\/index.php?rest_route=\/wp\/v2\/posts\/19114\/revisions\/19116"}],"wp:featuredmedia":[{"embeddable":true,"href":"https:\/\/zonaroja.com.mx\/index.php?rest_route=\/wp\/v2\/media\/19115"}],"wp:attachment":[{"href":"https:\/\/zonaroja.com.mx\/index.php?rest_route=%2Fwp%2Fv2%2Fmedia&parent=19114"}],"wp:term":[{"taxonomy":"category","embeddable":true,"href":"https:\/\/zonaroja.com.mx\/index.php?rest_route=%2Fwp%2Fv2%2Fcategories&post=19114"},{"taxonomy":"post_tag","embeddable":true,"href":"https:\/\/zonaroja.com.mx\/index.php?rest_route=%2Fwp%2Fv2%2Ftags&post=19114"}],"curies":[{"name":"wp","href":"https:\/\/api.w.org\/{rel}","templated":true}]}}