{"id":19117,"date":"2020-10-22T20:06:46","date_gmt":"2020-10-23T01:06:46","guid":{"rendered":"http:\/\/www.zonaroja.com.mx\/?p=19117"},"modified":"2020-10-22T20:06:48","modified_gmt":"2020-10-23T01:06:48","slug":"suspenden-en-tlacolula-operacion-de-nuevo-crematorio-por-irregular","status":"publish","type":"post","link":"https:\/\/zonaroja.com.mx\/?p=19117","title":{"rendered":"Suspenden en Tlacolula operaci\u00f3n de nuevo crematorio, por irregular"},"content":{"rendered":"\n<p>Yuridiana Sosa\/Zona Roja.<\/p>\n\n\n\n<p>Oaxaca de Ju\u00e1rez, Oax., 22 de octubre de 2020.- Otro crematorio que operaba con irregularidades en Oaxaca fue suspendido, en Tlacolula de Matamoros, este jueves.<\/p>\n\n\n\n<p>Con este caso suman al menos cuatro establecimientos de este tipo que han surgido en medio de la pandemia y han pretendido funcionar en distintos puntos de la regi\u00f3n de Valles Centrales.<\/p>\n\n\n\n<p>La direcci\u00f3n de Desarrollo Econ\u00f3mico, Comercio y Mercados de Tlacolula llev\u00f3 a cabo un operativo para la suspensi\u00f3n de actividades del establecimiento denominado \u201cCentro de cremaciones ecol\u00f3gicas de Oaxaca \u201c, en el que coloc\u00f3 sellos de \u201cSuspensi\u00f3n temporal y notificaci\u00f3n\u201d.<\/p>\n\n\n\n<p>El ayuntamiento determin\u00f3 el pasado 16 de octubre verificar la situaci\u00f3n administrativa, notificar el inicio del procedimiento correspondiente y en su caso la suspensi\u00f3n temporal del establecimiento por diversas irregularidades administrativas.<\/p>\n\n\n\n<p>El crematorio se instal\u00f3 en el paraje Yahuiche en el kil\u00f3metro 26 sobre la Carretera Internacional \u201cCrist\u00f3bal Col\u00f3n\u201d, en jurisdicci\u00f3n de dicho municipio.<\/p>\n\n\n\n<p>Vecinos de las colonias y fraccionamientos asentadas a los alrededores denunciaron sobre su operaci\u00f3n durante las 24 horas, desde al menos el pasado 12 de octubre, el cual exigieron a las autoridades locales y estatales su clausura por los posibles da\u00f1os que pudiera generar a la salud de miles de familias, pues en la zona se ve la ceniza y se perciben malos olores.<\/p>\n\n\n\n<p>La empresa funeraria, a nombre de Ricardo Jim\u00e9nez Bret\u00f3n, present\u00f3 un oficio de permiso por parte de los Servicios de Salud de Oaxaca (SSO), emitido por la Jurisdicci\u00f3n Sanitaria 06, con sede en Tlacolula, el pasado 5 de octubre.<\/p>\n\n\n\n<p>\u201cResult\u00f3 sin anomal\u00edas sanitarias alguna que ponga en riesgo la salud\u201d, cit\u00f3 el documento.<\/p>\n\n\n\n<p>Durante el operativo del ayuntamiento, efectuado la ma\u00f1ana de este jueves, las autoridades informaron que en el lugar no se encontraron personas.<\/p>\n\n\n\n<p>En el periodo de la contingencia por Covid-19, en la regi\u00f3n de Valles Centrales, se han registrado problemas con crematorios en el distrito de San Pablo, Etla, en la colonia del Maestro de la capital y en Tlalixtac de Cabrera.<\/p>\n","protected":false},"excerpt":{"rendered":"<p>Yuridiana Sosa\/Zona Roja. Oaxaca de Ju\u00e1rez, Oax., 22 de octubre de 2020.- Otro crematorio que&hellip;<\/p>\n","protected":false},"author":2,"featured_media":19118,"comment_status":"closed","ping_status":"open","sticky":false,"template":"","format":"standard","meta":{"_lmt_disableupdate":"","_lmt_disable":"","_jetpack_memberships_contains_paid_content":false,"footnotes":""},"categories":[109,47],"tags":[127],"class_list":["post-19117","post","type-post","status-publish","format-standard","has-post-thumbnail","hentry","category-minuto-a-minuto","category-zona-gris","tag-tlacolula-de-matamoros"],"jetpack_featured_media_url":"https:\/\/zonaroja.com.mx\/wp-content\/uploads\/2020\/10\/Clausura-funeraria-Tlacolula.jpg","jetpack_sharing_enabled":true,"_links":{"self":[{"href":"https:\/\/zonaroja.com.mx\/index.php?rest_route=\/wp\/v2\/posts\/19117","targetHints":{"allow":["GET"]}}],"collection":[{"href":"https:\/\/zonaroja.com.mx\/index.php?rest_route=\/wp\/v2\/posts"}],"about":[{"href":"https:\/\/zonaroja.com.mx\/index.php?rest_route=\/wp\/v2\/types\/post"}],"author":[{"embeddable":true,"href":"https:\/\/zonaroja.com.mx\/index.php?rest_route=\/wp\/v2\/users\/2"}],"replies":[{"embeddable":true,"href":"https:\/\/zonaroja.com.mx\/index.php?rest_route=%2Fwp%2Fv2%2Fcomments&post=19117"}],"version-history":[{"count":1,"href":"https:\/\/zonaroja.com.mx\/index.php?rest_route=\/wp\/v2\/posts\/19117\/revisions"}],"predecessor-version":[{"id":19119,"href":"https:\/\/zonaroja.com.mx\/index.php?rest_route=\/wp\/v2\/posts\/19117\/revisions\/19119"}],"wp:featuredmedia":[{"embeddable":true,"href":"https:\/\/zonaroja.com.mx\/index.php?rest_route=\/wp\/v2\/media\/19118"}],"wp:attachment":[{"href":"https:\/\/zonaroja.com.mx\/index.php?rest_route=%2Fwp%2Fv2%2Fmedia&parent=19117"}],"wp:term":[{"taxonomy":"category","embeddable":true,"href":"https:\/\/zonaroja.com.mx\/index.php?rest_route=%2Fwp%2Fv2%2Fcategories&post=19117"},{"taxonomy":"post_tag","embeddable":true,"href":"https:\/\/zonaroja.com.mx\/index.php?rest_route=%2Fwp%2Fv2%2Ftags&post=19117"}],"curies":[{"name":"wp","href":"https:\/\/api.w.org\/{rel}","templated":true}]}}