{"id":19120,"date":"2020-10-22T21:07:32","date_gmt":"2020-10-23T02:07:32","guid":{"rendered":"http:\/\/www.zonaroja.com.mx\/?p=19120"},"modified":"2020-10-22T21:11:18","modified_gmt":"2020-10-23T02:11:18","slug":"quien-es-raul-gatica-el-gobierno-de-oaxaca-acepto-colaborar-para-su-regreso","status":"publish","type":"post","link":"https:\/\/zonaroja.com.mx\/?p=19120","title":{"rendered":"\u00bfQui\u00e9n es Ra\u00fal Gatica?, el gobierno de Oaxaca acept\u00f3 colaborar para su regreso"},"content":{"rendered":"\n<p>Evlin Arag\u00f3n\/Zona Roja.<\/p>\n\n\n\n<p>Oaxaca de Ju\u00e1rez, Oax., 22 de octubre de 2020.- Finalmente, despu\u00e9s de cuatro d\u00edas de protestas en la capital, el gobierno de Oaxaca acept\u00f3 hoy colaborar para que Ra\u00fal Gatica Bautista regrese a la entidad de su exilio.<\/p>\n\n\n\n<p>Pero la petici\u00f3n del Consejo Ind\u00edgena Popular de Oaxaca \u201cRicardo Flores Mag\u00f3n\u201d (CIPO-RFM), tiene m\u00e1s de una d\u00e9cada, a fin de que se garantice un retorno seguro y cesen las persecuciones contra el dirigente de esa organizaci\u00f3n.<\/p>\n\n\n\n<p>Gatica Bautista es un ind\u00edgena miexteco originario de la Heroica Ciudad de Tlaxiaco, exiliado desde el 2005 en Vancouver, Canad\u00e1, luego de ser v\u00edctima de m\u00faltiples agresiones y persecuci\u00f3n pol\u00edtica, durante la administraci\u00f3n de Jos\u00e9 Murat Casab y Ulises Ruiz Ortiz.\u00a0<\/p>\n\n\n\n<p>Es un luchador social y fundador del CIPO-RFM; desde 1987 se desempe\u00f1\u00f3 como profesor de educaci\u00f3n primaria, adscrito a la Secci\u00f3n 22 del Sindicato Nacional de Trabajadores de la Educaci\u00f3n, gremio al que represent\u00f3 como parte de la Comisi\u00f3n Pol\u00edtica, de 1995 a 1997.&nbsp;<\/p>\n\n\n\n<p>Fue en este \u00faltimo a\u00f1o que surgi\u00f3 su participaci\u00f3n en el Consejo Ind\u00edgena Popular, que inici\u00f3 sus actividades en la defensa de las comunidades y pueblos ind\u00edgenas, por lo que en abril de 1998 fue detenido en San Juan Bautista Tuxtepec, junto con otros 70 integrantes de la organizaci\u00f3n ind\u00edgena, siendo \u00fanicamente \u00e9l a quien desaparecieron y torturaron en una c\u00e1rcel clandestina, dando as\u00ed inicio a una serie de intimidaciones en su contra.<\/p>\n\n\n\n<p>De acuerdo con el diario \u201cLa Jornada\u201d, en septiembre de 2004, la Comisi\u00f3n Interamericana de Derechos Humanos solicit\u00f3 medidas cautelares a los gobiernos estatal y federal para proteger la integridad f\u00edsica y seguridad jur\u00eddica de Gatica Bautista y para otros dirigentes de la organizaci\u00f3n, por los actos de intimidaci\u00f3n y hostigamiento de los que ya eran objeto.&nbsp;<\/p>\n\n\n\n<figure class=\"wp-block-image size-large\"><img decoding=\"async\" width=\"300\" height=\"317\" src=\"http:\/\/www.zonaroja.com.mx\/wp-content\/uploads\/2020\/10\/Rau-Gatica-Bautista.png\" alt=\"\" class=\"wp-image-19122\" srcset=\"https:\/\/zonaroja.com.mx\/wp-content\/uploads\/2020\/10\/Rau-Gatica-Bautista.png 300w, https:\/\/zonaroja.com.mx\/wp-content\/uploads\/2020\/10\/Rau-Gatica-Bautista-284x300.png 284w\" sizes=\"(max-width: 300px) 100vw, 300px\" \/><\/figure>\n\n\n\n<p>Ese mismo a\u00f1o, el Centro de Derechos Humanos y Asesor\u00eda a Pueblo Ind\u00edgenas (Cedhapi), denunci\u00f3 un incremento en los actos de persecuci\u00f3n en contra de la dirigencia y militancia del CIPO-RFM, prueba de ello el retiro con la fuerza p\u00fablica que se llev\u00f3 a cabo en pleno Centro Hist\u00f3rico, en el cual 15 personas fueron detenidas.<\/p>\n\n\n\n<p>Posterior a ese acto calificado de represi\u00f3n, el activista sali\u00f3 de la entidad para proteger su integridad f\u00edsica y con la esperanza que al t\u00e9rmino del sexenio de Murat Hinojosa la cosas mejoraran y le permitieran volver, lo anterior no sucedi\u00f3 con Ulises Ruiz Ortiz, por lo que acept\u00f3 viajar a Canad\u00e1 en donde solicit\u00f3 formalmente ser aceptado como refugiado pol\u00edtico.<\/p>\n\n\n\n<p>Fue en el 2006 que el gobierno de Canad\u00e1 concedi\u00f3 al oaxaque\u00f1o su petici\u00f3n de ser aceptado como refugiado pol\u00edtico, quedando en calidad de \u201crefugiado de convenci\u00f3n\u201d desde hace m\u00e1s de una d\u00e9cada.<\/p>\n\n\n\n<p>Gatica Bautista se vio obligado al autoexilio debido a las diferencias que tuvo con el ex gobernador y padre del hoy mandatario estatal, Jos\u00e9 Murat, ello tras una jornada de movilizaciones que realiz\u00f3 la organizaci\u00f3n a las puertas de Palacio de Gobierno, tal y como la que se registra en estos momentos en la capital de Oaxaca.&nbsp;&nbsp;<\/p>\n\n\n\n<p>Para la organizaci\u00f3n el caso de ex dirigente y fundador del CIPO-RFM es una muestra clara de la persecuci\u00f3n pol\u00edtica que afrontan los ind\u00edgenas y las organizaciones que se atreven a denunciar las presiones de los gobernadores, quienes con sus acciones violan cualquier tipo de tratado internacional en materia de derechos humanos.<\/p>\n\n\n\n<p>Pese a su lejan\u00eda, Garc\u00eda Bautista se ha mantenido activo en la lucha por el respeto de los derechos de los pueblos y comunidades ind\u00edgenas, ha trabajado como voluntario en foros patrocinados por las Naciones Unidas y actualmente tiene un programa de radio llamado \u00abEchoes of the Frist Nations Peoples\u00bb.&nbsp;<\/p>\n\n\n\n<p>Hoy la organizaci\u00f3n que fund\u00f3 hace m\u00e1s de 20 a\u00f1os busca que se garantice su regreso a su lugar de origen, a lo cual el gobierno de Oaxaca acept\u00f3 iniciar la b\u00fasqueda de mecanismos para su regreso.&nbsp;&nbsp;&nbsp;<\/p>\n","protected":false},"excerpt":{"rendered":"<p>Evlin Arag\u00f3n\/Zona Roja. Oaxaca de Ju\u00e1rez, Oax., 22 de octubre de 2020.- Finalmente, despu\u00e9s de&hellip;<\/p>\n","protected":false},"author":2,"featured_media":19121,"comment_status":"closed","ping_status":"open","sticky":false,"template":"","format":"standard","meta":{"_lmt_disableupdate":"","_lmt_disable":"","_jetpack_memberships_contains_paid_content":false,"footnotes":""},"categories":[109,47],"tags":[2123,2131],"class_list":["post-19120","post","type-post","status-publish","format-standard","has-post-thumbnail","hentry","category-minuto-a-minuto","category-zona-gris","tag-consejo-indigena-popular-de-oaxaca-cipo","tag-raul-gatica-bautista"],"jetpack_featured_media_url":"https:\/\/zonaroja.com.mx\/wp-content\/uploads\/2020\/10\/Raul-Gatica-Bautista.png","jetpack_sharing_enabled":true,"_links":{"self":[{"href":"https:\/\/zonaroja.com.mx\/index.php?rest_route=\/wp\/v2\/posts\/19120","targetHints":{"allow":["GET"]}}],"collection":[{"href":"https:\/\/zonaroja.com.mx\/index.php?rest_route=\/wp\/v2\/posts"}],"about":[{"href":"https:\/\/zonaroja.com.mx\/index.php?rest_route=\/wp\/v2\/types\/post"}],"author":[{"embeddable":true,"href":"https:\/\/zonaroja.com.mx\/index.php?rest_route=\/wp\/v2\/users\/2"}],"replies":[{"embeddable":true,"href":"https:\/\/zonaroja.com.mx\/index.php?rest_route=%2Fwp%2Fv2%2Fcomments&post=19120"}],"version-history":[{"count":2,"href":"https:\/\/zonaroja.com.mx\/index.php?rest_route=\/wp\/v2\/posts\/19120\/revisions"}],"predecessor-version":[{"id":19124,"href":"https:\/\/zonaroja.com.mx\/index.php?rest_route=\/wp\/v2\/posts\/19120\/revisions\/19124"}],"wp:featuredmedia":[{"embeddable":true,"href":"https:\/\/zonaroja.com.mx\/index.php?rest_route=\/wp\/v2\/media\/19121"}],"wp:attachment":[{"href":"https:\/\/zonaroja.com.mx\/index.php?rest_route=%2Fwp%2Fv2%2Fmedia&parent=19120"}],"wp:term":[{"taxonomy":"category","embeddable":true,"href":"https:\/\/zonaroja.com.mx\/index.php?rest_route=%2Fwp%2Fv2%2Fcategories&post=19120"},{"taxonomy":"post_tag","embeddable":true,"href":"https:\/\/zonaroja.com.mx\/index.php?rest_route=%2Fwp%2Fv2%2Ftags&post=19120"}],"curies":[{"name":"wp","href":"https:\/\/api.w.org\/{rel}","templated":true}]}}