{"id":1913,"date":"2019-06-29T09:00:38","date_gmt":"2019-06-29T14:00:38","guid":{"rendered":"http:\/\/www.zonaroja.com.mx\/?p=1913"},"modified":"2019-06-28T21:56:16","modified_gmt":"2019-06-29T02:56:16","slug":"catem-tiene-proteccion-del-gobierno-y-maneja-sicarios-diaz-pantoja","status":"publish","type":"post","link":"https:\/\/zonaroja.com.mx\/?p=1913","title":{"rendered":"\u201cCATEM tiene protecci\u00f3n del gobierno y maneja sicarios\u201d: D\u00edaz Pantoja"},"content":{"rendered":"\n<p>Redacci\u00f3n<\/p>\n\n\n\n<p>Oaxaca de\nJu\u00e1rez, Oax., 28 de junio de 2019.- \u201cTodos ya sabemos, CATEM no exist\u00eda en\nOaxaca, viene impuesto, a la fuerza, a arrasar con todo, y eso empez\u00f3 a generar\ncon algunos miedo y se fueron (con ellos), pero con otros una extrema\nresistencia.<\/p>\n\n\n\n<p>\u201cEs un\nsindicato que sabemos tiene protecci\u00f3n del Gobierno del Estado, creo que lo\nhicieron con la intenci\u00f3n de ser una opci\u00f3n para los transportistas, pero se\nconvirtieron en m\u00e1s de lo mismo y tantito peor.<\/p>\n\n\n\n<p>\u201cPorque si\nantes nos agarr\u00e1bamos a piedrazos y a palos, ahorita como en Viguera (el pasado\nmartes), esa gente de CATEM tiene sicarios entrenados, con t\u00e1cticas, con\nestrategia\u201d.<\/p>\n\n\n\n<p>As\u00ed lo\ndeclar\u00f3 este viernes la secretaria de Acci\u00f3n Pol\u00edtica de la Confederaci\u00f3n \u201cLibertad\u201d,\nGuadalupe D\u00edaz Pantoja, quien lament\u00f3 que la administraci\u00f3n estatal que\nencabeza Alejandro Murat Hinojosa privilegie a la Confederaci\u00f3n Aut\u00f3noma de Trabajadores\ny Empleados de M\u00e9xico (CATEM) y busque extinguir a los dem\u00e1s gremios.<\/p>\n\n\n\n<p>\u201cEso ha\nvenido recrudeciendo los asesinatos, los encarcelamientos; no se han conseguido\nacuerdos de paz ni de trabajo, por eso vivimos momentos tan cr\u00edticos; el riesgo\nes muy alto, toda la gente, taxistas, mototaxistas, camioneros, tienen miedo,\nincertidumbre\u201d, asever\u00f3.<\/p>\n\n\n\n<p>En\nentrevista colectiva en el aeropuerto internacional \u201cBenito Ju\u00e1rez\u201d de Santa\nCruz Xoxocotl\u00e1n, la ex dirigente del Partido de las Mujeres Oaxaque\u00f1as reconoci\u00f3\nque en los \u00faltimos a\u00f1os han asesinado a por lo menos siete dirigentes\nsindicales de gremios afines a \u201cLibertad\u201d y en total, a una decena de\ntransportistas.<\/p>\n\n\n\n<p>\u201cLas cosas\nen lugar de componerse con CATEM se hicieron peores; siguen con las mismas\nestrategias de querer quedarse con todo y hasta el momento no hay di\u00e1logo, no\nhay interlocuci\u00f3n con el gobierno\u201d, dijo.<\/p>\n\n\n\n<p>Explico que en\nla Confederaci\u00f3n \u201cLibertad\u201d tienen la indicaci\u00f3n de su dirigente nacional Hugo\nBello de no confrontarse, de buscar las v\u00edas legales para defender sus\ncontratos de trabajo y fuentes de empleo.<\/p>\n\n\n\n<p>Exigi\u00f3\njusticia por las dos personas asesinadas el pasado martes durante el\nenfrentamiento con CATEM, en el crucero a Trinidad de Viguera de la ciudad de\nOaxaca, y que tambi\u00e9n no se le inventen cargos a Ren\u00e9 Salvador Balderas,\ndetenido la noche del jueves por el presunto delito de homicidio.<\/p>\n","protected":false},"excerpt":{"rendered":"<p>Redacci\u00f3n Oaxaca de Ju\u00e1rez, Oax., 28 de junio de 2019.- \u201cTodos ya sabemos, CATEM no&hellip;<\/p>\n","protected":false},"author":2,"featured_media":1914,"comment_status":"closed","ping_status":"open","sticky":false,"template":"","format":"standard","meta":{"_lmt_disableupdate":"","_lmt_disable":"","_jetpack_memberships_contains_paid_content":false,"footnotes":""},"categories":[109,51],"tags":[263,264],"class_list":["post-1913","post","type-post","status-publish","format-standard","has-post-thumbnail","hentry","category-minuto-a-minuto","category-zona-roja","tag-confederacion-libertad","tag-guadalupe-diaz-pantoja"],"jetpack_featured_media_url":"https:\/\/zonaroja.com.mx\/wp-content\/uploads\/2019\/06\/Guadalupe-D\u00edaz-Pantoja.jpg","jetpack_sharing_enabled":true,"_links":{"self":[{"href":"https:\/\/zonaroja.com.mx\/index.php?rest_route=\/wp\/v2\/posts\/1913","targetHints":{"allow":["GET"]}}],"collection":[{"href":"https:\/\/zonaroja.com.mx\/index.php?rest_route=\/wp\/v2\/posts"}],"about":[{"href":"https:\/\/zonaroja.com.mx\/index.php?rest_route=\/wp\/v2\/types\/post"}],"author":[{"embeddable":true,"href":"https:\/\/zonaroja.com.mx\/index.php?rest_route=\/wp\/v2\/users\/2"}],"replies":[{"embeddable":true,"href":"https:\/\/zonaroja.com.mx\/index.php?rest_route=%2Fwp%2Fv2%2Fcomments&post=1913"}],"version-history":[{"count":1,"href":"https:\/\/zonaroja.com.mx\/index.php?rest_route=\/wp\/v2\/posts\/1913\/revisions"}],"predecessor-version":[{"id":1915,"href":"https:\/\/zonaroja.com.mx\/index.php?rest_route=\/wp\/v2\/posts\/1913\/revisions\/1915"}],"wp:featuredmedia":[{"embeddable":true,"href":"https:\/\/zonaroja.com.mx\/index.php?rest_route=\/wp\/v2\/media\/1914"}],"wp:attachment":[{"href":"https:\/\/zonaroja.com.mx\/index.php?rest_route=%2Fwp%2Fv2%2Fmedia&parent=1913"}],"wp:term":[{"taxonomy":"category","embeddable":true,"href":"https:\/\/zonaroja.com.mx\/index.php?rest_route=%2Fwp%2Fv2%2Fcategories&post=1913"},{"taxonomy":"post_tag","embeddable":true,"href":"https:\/\/zonaroja.com.mx\/index.php?rest_route=%2Fwp%2Fv2%2Ftags&post=1913"}],"curies":[{"name":"wp","href":"https:\/\/api.w.org\/{rel}","templated":true}]}}