{"id":19132,"date":"2020-10-22T22:29:42","date_gmt":"2020-10-23T03:29:42","guid":{"rendered":"http:\/\/www.zonaroja.com.mx\/?p=19132"},"modified":"2020-10-22T22:29:46","modified_gmt":"2020-10-23T03:29:46","slug":"se-ensana-ayuntamiento-de-oaxaca-con-anciano-de-83-anos-y-le-quita-mercancia","status":"publish","type":"post","link":"https:\/\/zonaroja.com.mx\/?p=19132","title":{"rendered":"Se ensa\u00f1a ayuntamiento de Oaxaca con anciano de 83 a\u00f1os y le quita mercanc\u00eda"},"content":{"rendered":"\n<p>Ismael Garc\u00eda M.\/Zona Roja. Fotos y video: Oth\u00f3n Garc\u00eda D\u00edaz<\/p>\n\n\n\n<p>Oaxaca de Ju\u00e1rez, Oax., 22 de octubre de 2020.- No fue con violencia, como acostumbran. No fue como lo hicieron la semana pasada en el z\u00f3calo, en que robaron mercanc\u00eda de ind\u00edgenas triquis y se echaron a correr.<\/p>\n\n\n\n<p>No. Ahora fue sin violencia pero s\u00ed inhumano\u2026 pero en contra de un anciano, de 83 a\u00f1os de edad, que buscaba el sustento diario con la venta de unas sillas de madera, en las inmediaciones de la Alameda de Le\u00f3n de Oaxaca.<\/p>\n\n\n\n<p>Ocurri\u00f3 alrededor del mediod\u00eda de este jueves, en la calle Valdivieso del Centro Hist\u00f3rico de la capital, en que inspectores del ayuntamiento capitalino le quitaron su \u201cdiablito\u201d con unas cinco sillas de madera a don Francisco Flores Guadalupe, originario de Veracruz.<\/p>\n\n\n\n<p>La oportuna transmisi\u00f3n en vivo, a trav\u00e9s de Facebook, del reportero Oth\u00f3n Garc\u00eda D\u00edaz, document\u00f3 el tr\u00e1gico suceso.<\/p>\n\n\n\n<p>Los tres inspectores, reacios, se limitaron a hacer su trabajo. Uno de ellos s\u00f3lo dijo que el se\u00f1or vend\u00eda sus sillas sin tener su credencial de vendedor ambulante, por lo cual se le levant\u00f3 un acta y la infracci\u00f3n, y le dijeron el domicilio donde podr\u00eda recogerlo.<\/p>\n\n\n\n<figure class=\"wp-block-embed-twitter wp-block-embed is-type-rich is-provider-twitter\"><div class=\"wp-block-embed__wrapper\">\n<div class=\"twitter-tweet\"><blockquote class=\"twitter-tweet\" data-lang=\"es\"><p lang=\"es\" dir=\"ltr\">\ud83d\ude21\ud83d\ude21\ud83d\ude21\ud83d\ude21\ud83d\ude21<br>\u00bfQu\u00e9 le parece? Inspectores del <a href=\"https:\/\/twitter.com\/MunicipioOaxaca?ref_src=twsrc%5Etfw\">@MunicipioOaxaca<\/a> multaron y quitaron sus pertenencias a un anciano en el centro de la ciudad de Oaxaca. Reprochan al edil <a href=\"https:\/\/twitter.com\/oswaldogarciaj?ref_src=twsrc%5Etfw\">@oswaldogarciaj<\/a> que no haga lo mismo con ambulantaje. <br><br>Video: Oth\u00f3n Garc\u00eda D\u00edaz.<br>Vea \ud83d\udc47<a href=\"https:\/\/t.co\/nAbaU8u4Q9\">https:\/\/t.co\/nAbaU8u4Q9<\/a> <a href=\"https:\/\/t.co\/62AtwzBPFx\">pic.twitter.com\/62AtwzBPFx<\/a><\/p>&mdash; Zona Roja Oaxaca (@MexRoja) <a href=\"https:\/\/twitter.com\/MexRoja\/status\/1319467851766530048?ref_src=twsrc%5Etfw\">23 de octubre de 2020<\/a><\/blockquote><\/div>\n<\/div><\/figure>\n\n\n\n<p>\u201cLo que pasa es que al se\u00f1or se le hizo la invitaci\u00f3n; nos coment\u00f3 que iba al ba\u00f1o, efectivamente fue al ba\u00f1o, nada m\u00e1s que el centro es cero tolerancia, \u00fanicamente con gente con gafete. El se\u00f1or iba a vender, se le explic\u00f3 y me dijo que ya se iba a ir y empez\u00f3 a vender nuevamente\u201d, justific\u00f3 un funcionario.<\/p>\n\n\n\n<p>Pero el se\u00f1or tiene problemas con el o\u00eddo. La denuncia comenz\u00f3 a cobrar fuerza en las redes sociales y desde el mismo momento de los hechos comenzaron a llegar los reclamos.<\/p>\n\n\n\n<p>\u201cOigan, pero est\u00e1n cometiendo una injusticia, el se\u00f1or est\u00e1 trabajando, no est\u00e1 pidiendo&#8230; \u00a1ojal\u00e1 y nunca les pase lo mismo\u201d, reclam\u00f3 una mujer en la v\u00eda p\u00fablica.<\/p>\n\n\n\n<p>En un comunicado, el gobierno que preside Oswaldo Garc\u00eda Jarqu\u00edn argument\u00f3:<\/p>\n\n\n\n<p>\u201cEn la Alameda de Le\u00f3n, exhortaron a un ciudadano de 83 a\u00f1os de edad, proveniente del municipio de Soledad Atzompa, estado de Veracruz, a retirarse del lugar por no contar con un permiso de la autoridad municipal para expender sillas de madera y por no cumplir con la disposici\u00f3n del Cabildo que obliga al uso de cubrebocas en todo el territorio del municipio, ante la pandemia de Covid-19\u201d.<\/p>\n\n\n\n<p>Finalmente, por la noche y tras la presi\u00f3n social, el ayuntamiento circul\u00f3 un documento en que \u201cperdon\u00f3\u201d a don Guadalupe, le devolvi\u00f3 sus pertenencias y, magn\u00e1nimo, dijo que no pagar\u00eda ninguna multa.<\/p>\n\n\n\n<figure class=\"wp-block-image size-large\"><img decoding=\"async\" width=\"589\" height=\"331\" src=\"http:\/\/www.zonaroja.com.mx\/wp-content\/uploads\/2020\/10\/Anciano-vendedor-2.jpg\" alt=\"\" class=\"wp-image-19133\" srcset=\"https:\/\/zonaroja.com.mx\/wp-content\/uploads\/2020\/10\/Anciano-vendedor-2.jpg 589w, https:\/\/zonaroja.com.mx\/wp-content\/uploads\/2020\/10\/Anciano-vendedor-2-300x169.jpg 300w, https:\/\/zonaroja.com.mx\/wp-content\/uploads\/2020\/10\/Anciano-vendedor-2-585x329.jpg 585w\" sizes=\"(max-width: 589px) 100vw, 589px\" \/><\/figure>\n","protected":false},"excerpt":{"rendered":"<p>Ismael Garc\u00eda M.\/Zona Roja. Fotos y video: Oth\u00f3n Garc\u00eda D\u00edaz Oaxaca de Ju\u00e1rez, Oax., 22&hellip;<\/p>\n","protected":false},"author":2,"featured_media":19134,"comment_status":"closed","ping_status":"open","sticky":false,"template":"","format":"standard","meta":{"_lmt_disableupdate":"","_lmt_disable":"","_jetpack_memberships_contains_paid_content":false,"footnotes":""},"categories":[109,47],"tags":[148],"class_list":["post-19132","post","type-post","status-publish","format-standard","has-post-thumbnail","hentry","category-minuto-a-minuto","category-zona-gris","tag-oaxaca-de-juarez"],"jetpack_featured_media_url":"https:\/\/zonaroja.com.mx\/wp-content\/uploads\/2020\/10\/Anciano-vendedor-1.jpg","jetpack_sharing_enabled":true,"_links":{"self":[{"href":"https:\/\/zonaroja.com.mx\/index.php?rest_route=\/wp\/v2\/posts\/19132","targetHints":{"allow":["GET"]}}],"collection":[{"href":"https:\/\/zonaroja.com.mx\/index.php?rest_route=\/wp\/v2\/posts"}],"about":[{"href":"https:\/\/zonaroja.com.mx\/index.php?rest_route=\/wp\/v2\/types\/post"}],"author":[{"embeddable":true,"href":"https:\/\/zonaroja.com.mx\/index.php?rest_route=\/wp\/v2\/users\/2"}],"replies":[{"embeddable":true,"href":"https:\/\/zonaroja.com.mx\/index.php?rest_route=%2Fwp%2Fv2%2Fcomments&post=19132"}],"version-history":[{"count":1,"href":"https:\/\/zonaroja.com.mx\/index.php?rest_route=\/wp\/v2\/posts\/19132\/revisions"}],"predecessor-version":[{"id":19135,"href":"https:\/\/zonaroja.com.mx\/index.php?rest_route=\/wp\/v2\/posts\/19132\/revisions\/19135"}],"wp:featuredmedia":[{"embeddable":true,"href":"https:\/\/zonaroja.com.mx\/index.php?rest_route=\/wp\/v2\/media\/19134"}],"wp:attachment":[{"href":"https:\/\/zonaroja.com.mx\/index.php?rest_route=%2Fwp%2Fv2%2Fmedia&parent=19132"}],"wp:term":[{"taxonomy":"category","embeddable":true,"href":"https:\/\/zonaroja.com.mx\/index.php?rest_route=%2Fwp%2Fv2%2Fcategories&post=19132"},{"taxonomy":"post_tag","embeddable":true,"href":"https:\/\/zonaroja.com.mx\/index.php?rest_route=%2Fwp%2Fv2%2Ftags&post=19132"}],"curies":[{"name":"wp","href":"https:\/\/api.w.org\/{rel}","templated":true}]}}