{"id":19139,"date":"2020-10-23T07:46:24","date_gmt":"2020-10-23T12:46:24","guid":{"rendered":"http:\/\/www.zonaroja.com.mx\/?p=19139"},"modified":"2020-10-23T07:46:27","modified_gmt":"2020-10-23T12:46:27","slug":"muere-cooperativista-de-cruza-azul-arrollado-en-lagunas-oaxaca","status":"publish","type":"post","link":"https:\/\/zonaroja.com.mx\/?p=19139","title":{"rendered":"Muere cooperativista de Cruza Azul arrollado en Lagunas, Oaxaca"},"content":{"rendered":"\n<p>Redacci\u00f3n\/Zona Roja.<\/p>\n\n\n\n<p>Oaxaca de Ju\u00e1rez, Oax., 23 de octubre de 2020.- El cooperativista Oliverio G. T. muri\u00f3 ayer en un hospital, tras ser arrollado la semana pasada durante un operativo efectuado en la f\u00e1brica de cemento Cruz Azul, ubicado en la localidad de Lagunas, de El Barrio La Soledad, municipio de la regi\u00f3n del Istmo de Tehuantepec, Oaxaca.<\/p>\n\n\n\n<p>Fue el mi\u00e9rcoles 14 de octubre en que personal de la Secretar\u00eda de Seguridad P\u00fablica de Oaxaca acudi\u00f3 en respaldo a una actuaci\u00f3n judicial, en que se efectuar\u00eda la presentaci\u00f3n de nuevos directivos, en el marco del juicio que se sigue a Guillermo \u201cBily\u201d \u00c1lvarez por varios delitos de alto impacto.<\/p>\n\n\n\n<p>Sin embargo, en el interior de las instalaciones grupos internos comenzaron a re\u00f1ir, lo que dej\u00f3 como saldo varios lesionados. Una camioneta intent\u00f3 huir con ex directivos a bordo, pero en su trayecto atropell\u00f3 y arrastr\u00f3 a Oliverio G. T.<\/p>\n\n\n\n<p>Malherido, fue llevado a un hospital, donde este jueves finalmente perdi\u00f3 la vida el cooperativista, quien ten\u00eda la credencial n\u00famero 1,765.<\/p>\n\n\n\n<p>Trabajadores y familiares de la v\u00edctima culpan a Jos\u00e9 Antonio Mar\u00edn y V\u00edctor M. Vel\u00e1squez de encabezar la revuelta y de propiciar el percance vehicular; ese d\u00eda, lograron salir de las instalaciones a bordo de su unidad de motor.<\/p>\n","protected":false},"excerpt":{"rendered":"<p>Redacci\u00f3n\/Zona Roja. Oaxaca de Ju\u00e1rez, Oax., 23 de octubre de 2020.- El cooperativista Oliverio G.&hellip;<\/p>\n","protected":false},"author":2,"featured_media":18787,"comment_status":"closed","ping_status":"open","sticky":false,"template":"","format":"standard","meta":{"_lmt_disableupdate":"","_lmt_disable":"","_jetpack_memberships_contains_paid_content":false,"footnotes":""},"categories":[109,51],"tags":[2099],"class_list":["post-19139","post","type-post","status-publish","format-standard","has-post-thumbnail","hentry","category-minuto-a-minuto","category-zona-roja","tag-cooperativa-cruz-azul-lagunas"],"jetpack_featured_media_url":"https:\/\/zonaroja.com.mx\/wp-content\/uploads\/2020\/10\/Policias-recuperacion-Cruz-Azul-Lagunas.jpg","jetpack_sharing_enabled":true,"_links":{"self":[{"href":"https:\/\/zonaroja.com.mx\/index.php?rest_route=\/wp\/v2\/posts\/19139","targetHints":{"allow":["GET"]}}],"collection":[{"href":"https:\/\/zonaroja.com.mx\/index.php?rest_route=\/wp\/v2\/posts"}],"about":[{"href":"https:\/\/zonaroja.com.mx\/index.php?rest_route=\/wp\/v2\/types\/post"}],"author":[{"embeddable":true,"href":"https:\/\/zonaroja.com.mx\/index.php?rest_route=\/wp\/v2\/users\/2"}],"replies":[{"embeddable":true,"href":"https:\/\/zonaroja.com.mx\/index.php?rest_route=%2Fwp%2Fv2%2Fcomments&post=19139"}],"version-history":[{"count":1,"href":"https:\/\/zonaroja.com.mx\/index.php?rest_route=\/wp\/v2\/posts\/19139\/revisions"}],"predecessor-version":[{"id":19140,"href":"https:\/\/zonaroja.com.mx\/index.php?rest_route=\/wp\/v2\/posts\/19139\/revisions\/19140"}],"wp:featuredmedia":[{"embeddable":true,"href":"https:\/\/zonaroja.com.mx\/index.php?rest_route=\/wp\/v2\/media\/18787"}],"wp:attachment":[{"href":"https:\/\/zonaroja.com.mx\/index.php?rest_route=%2Fwp%2Fv2%2Fmedia&parent=19139"}],"wp:term":[{"taxonomy":"category","embeddable":true,"href":"https:\/\/zonaroja.com.mx\/index.php?rest_route=%2Fwp%2Fv2%2Fcategories&post=19139"},{"taxonomy":"post_tag","embeddable":true,"href":"https:\/\/zonaroja.com.mx\/index.php?rest_route=%2Fwp%2Fv2%2Ftags&post=19139"}],"curies":[{"name":"wp","href":"https:\/\/api.w.org\/{rel}","templated":true}]}}