{"id":19141,"date":"2020-10-23T08:01:27","date_gmt":"2020-10-23T13:01:27","guid":{"rendered":"http:\/\/www.zonaroja.com.mx\/?p=19141"},"modified":"2020-10-23T08:01:31","modified_gmt":"2020-10-23T13:01:31","slug":"sin-localizar-20-mujeres-reportadas-como-desaparecidas-en-tres-meses","status":"publish","type":"post","link":"https:\/\/zonaroja.com.mx\/?p=19141","title":{"rendered":"Sin localizar, 20 mujeres reportadas como desaparecidas en tres meses"},"content":{"rendered":"\n<p>Yuridiana Sosa\/Zona Roja.<\/p>\n\n\n\n<p>Oaxaca de Ju\u00e1rez, Oax., 23 de octubre de 2020.- Madres e hijas, as\u00ed como j\u00f3venes mujeres y adolescentes en la entidad, son v\u00edctimas de desaparici\u00f3n por distintos motivos. Desde julio a la fecha, son al menos 20 de ellas que no han vuelto a casa y de las que sus familiares mantienen su b\u00fasqueda.<\/p>\n\n\n\n<p>Getseman\u00ed Rangel Avenda\u00f1o, de 16 a\u00f1os de edad, es el caso m\u00e1s reciente reportado este mi\u00e9rcoles por la noche en la Unidad de B\u00fasqueda de Personas No Localizadas y Desaparecidas de la Fiscal\u00eda General de Oaxaca para pedir la colaboraci\u00f3n de la poblaci\u00f3n para encontrarla.<\/p>\n\n\n\n<p>La menor de edad fue vista por \u00faltima vez el pasado 8 de octubre de este a\u00f1o en la colonia El Castillo de San Juan Bautista Tuxtepec y como se\u00f1a particular tiene un lunar en el pecho. Ella mide 1.70 metros aproximadamente, es de tez clara, cara redonda y tiene el cabello largo de color negro.<\/p>\n\n\n\n<p>Apenas el pasado 18 de octubre se report\u00f3 la no localizaci\u00f3n de Marcela Dur\u00e1n Vallarta, de 31 a\u00f1os, desaparecida en San Juan Bautista Cuicatl\u00e1n. Jennifer Guadalupe Alonso, de 14 a\u00f1os, tambi\u00e9n es buscada desde el 19 de octubre, vista por \u00faltima vez en San Pedro Pochutla.<\/p>\n\n\n\n<p>Paulina Karime Hurtado Echeverr\u00eda, de 16 a\u00f1os de edad, desapareci\u00f3 desde el 14 de octubre en Salina Cruz, mientras que Nashelli Reyes Vel\u00e1squez, de 27 a\u00f1os, no se encuentra desde el 20 de septiembre, cuando fue vista por \u00faltima vez en compa\u00f1\u00eda de su menor hija de ocho meses en la capital oaxaque\u00f1a.<\/p>\n\n\n\n<p>La joven Soledad In\u00e9s V\u00e1squez Ventura, de 19 a\u00f1os de edad, es buscada desde el pasado 16 de septiembre cuando desapareci\u00f3 en San Miguel Tlacamama.<\/p>\n\n\n\n<p>Tambi\u00e9n realizan la b\u00fasqueda para Juquila Mendoza Mart\u00ednez, de 15 a\u00f1os y Selena Ira\u00eds Rojas Betanzos. de 15 a\u00f1os, no localizadas desde el 5 de septiembre en Salinas del Marqu\u00e9s y Villa Tej\u00fapam de la Uni\u00f3n el 9 de septiembre, respectivamente. Y un d\u00eda antes, Mariflo Grac\u00eda Garc\u00eda de 14 a\u00f1os desapareci\u00f3 en Santiago Jamiltepec.<\/p>\n\n\n\n<p>El 1 de septiembre se report\u00f3 la \u00faltima vez que vieron a Karina de Jes\u00fas \u00c1lvarez Ruiz, de 34 a\u00f1os, en Juchit\u00e1n.<\/p>\n\n\n\n<p>Desde el mes de agosto que fueron reportadas, cuatro menores de edad y una mujer adulta que siguen como desaparecidas.<\/p>\n\n\n\n<p>Martha Elena Mendez Carre\u00f1o de 30 a\u00f1os, desapareci\u00f3 en Juchit\u00e1n el 20 de agosto; Wendy Guadalupe Antonio Cobos, de 17a\u00f1os el 28 de agosto en San Juan Bautista Guelache; Guadalupe de la Llave Borja, de 14 a\u00f1os, el 21 de agosto en San Jos\u00e9 Chiltepec; Amy Blaquita Santiago Ram\u00edrez de 15 a\u00f1os, el 13 de agosto en Miahuatl\u00e1n de Porfirio D\u00edaz y Yaret Yesenia Velasco Ruiz, de 13 a\u00f1os, el 10 de agosto.<\/p>\n\n\n\n<p>De los casos m\u00e1s antiguos en el lapso de tres meses se encuentra el de M\u00f3nica Santiago Raymundo, de 16 a\u00f1os, vista por \u00faltima vez el 15 de julio en la agencia de Agua Fr\u00eda en Tuxtepec; Gabriela S\u00e1nchez Ambrosio, de 14 a\u00f1os, el 29 de julio en Santa Mar\u00eda Xadani; Ofelia Valor Narcizo de 34 a\u00f1os, el 9 de julio en Tuxtepec y Keila Jazm\u00edn P\u00e9rez Dom\u00ednguez de 16 a\u00f1os, el 11 de julio en Salina Cruz.<\/p>\n\n\n\n<p>En el mismo periodo de tiempo tambi\u00e9n se ha registrado una importante cantidad de hombres desaparecidos. Son al menos 34 fichas de b\u00fasqueda por la no localizaci\u00f3n de los varones.<\/p>\n","protected":false},"excerpt":{"rendered":"<p>Yuridiana Sosa\/Zona Roja. Oaxaca de Ju\u00e1rez, Oax., 23 de octubre de 2020.- Madres e hijas,&hellip;<\/p>\n","protected":false},"author":2,"featured_media":19142,"comment_status":"closed","ping_status":"open","sticky":false,"template":"","format":"standard","meta":{"_lmt_disableupdate":"","_lmt_disable":"","_jetpack_memberships_contains_paid_content":false,"footnotes":""},"categories":[109,47],"tags":[642],"class_list":["post-19141","post","type-post","status-publish","format-standard","has-post-thumbnail","hentry","category-minuto-a-minuto","category-zona-gris","tag-personas-desaparecidas-oaxaca"],"jetpack_featured_media_url":"https:\/\/zonaroja.com.mx\/wp-content\/uploads\/2020\/10\/Getsemani-Rangel-desaparecida-Tuxtepec.jpg","jetpack_sharing_enabled":true,"_links":{"self":[{"href":"https:\/\/zonaroja.com.mx\/index.php?rest_route=\/wp\/v2\/posts\/19141","targetHints":{"allow":["GET"]}}],"collection":[{"href":"https:\/\/zonaroja.com.mx\/index.php?rest_route=\/wp\/v2\/posts"}],"about":[{"href":"https:\/\/zonaroja.com.mx\/index.php?rest_route=\/wp\/v2\/types\/post"}],"author":[{"embeddable":true,"href":"https:\/\/zonaroja.com.mx\/index.php?rest_route=\/wp\/v2\/users\/2"}],"replies":[{"embeddable":true,"href":"https:\/\/zonaroja.com.mx\/index.php?rest_route=%2Fwp%2Fv2%2Fcomments&post=19141"}],"version-history":[{"count":1,"href":"https:\/\/zonaroja.com.mx\/index.php?rest_route=\/wp\/v2\/posts\/19141\/revisions"}],"predecessor-version":[{"id":19143,"href":"https:\/\/zonaroja.com.mx\/index.php?rest_route=\/wp\/v2\/posts\/19141\/revisions\/19143"}],"wp:featuredmedia":[{"embeddable":true,"href":"https:\/\/zonaroja.com.mx\/index.php?rest_route=\/wp\/v2\/media\/19142"}],"wp:attachment":[{"href":"https:\/\/zonaroja.com.mx\/index.php?rest_route=%2Fwp%2Fv2%2Fmedia&parent=19141"}],"wp:term":[{"taxonomy":"category","embeddable":true,"href":"https:\/\/zonaroja.com.mx\/index.php?rest_route=%2Fwp%2Fv2%2Fcategories&post=19141"},{"taxonomy":"post_tag","embeddable":true,"href":"https:\/\/zonaroja.com.mx\/index.php?rest_route=%2Fwp%2Fv2%2Ftags&post=19141"}],"curies":[{"name":"wp","href":"https:\/\/api.w.org\/{rel}","templated":true}]}}