{"id":19144,"date":"2020-10-23T08:09:02","date_gmt":"2020-10-23T13:09:02","guid":{"rendered":"http:\/\/www.zonaroja.com.mx\/?p=19144"},"modified":"2020-10-23T08:09:07","modified_gmt":"2020-10-23T13:09:07","slug":"heriberto-pazos-ortiz-diez-anos-sin-justicia-plena","status":"publish","type":"post","link":"https:\/\/zonaroja.com.mx\/?p=19144","title":{"rendered":"Heriberto Pazos Ortiz, diez a\u00f1os sin justicia plena"},"content":{"rendered":"\n<p>Evlin Arag\u00f3n\/Zona Roja.<\/p>\n\n\n\n<p>Oaxaca de Ju\u00e1rez, Oax., 23 de octubre de 2020.- Era un s\u00e1bado como cualquiera; al menos eso parec\u00eda.<\/p>\n\n\n\n<p>Sin embargo, ese d\u00eda la vida de la familia Pazos Ortiz cambio para siempre, pues la ma\u00f1ana del 23 de octubre del 2010, Heriberto Sa\u00fal quien fuera dirigente del Movimiento de Unificaci\u00f3n de Lucha Triqui (MULT), fue asesinado a balazos&nbsp;<\/p>\n\n\n\n<p>Los hechos se registraron sobre la avenida El Rosario, en la agencia de Cinco Se\u00f1ores, minutos despu\u00e9s de que Pazos Ortiz saliera de su domicilio, ubicado en la calle Emiliano Zapata, colonia Roma, en el municipio de Santa Luc\u00eda del Camino.&nbsp;<\/p>\n\n\n\n<p>El l\u00edder social viajaba en una camioneta Chevrolet, Colorado LT, negra, a la que dos hombres que se desplazaban en una motocicleta dieron alcance, para inmediatamente dispararle en la cabeza y terminar as\u00ed con su vida, ello pese a estar custodiado por elementos de la Agencia Estatal de Investigaciones.&nbsp;<\/p>\n\n\n\n<p>De acuerdo con las primeras investigaciones, Jes\u00fas Rub\u00e9n Maldonado Marmolejo, alias \u201cEl Drag\u00f3n\u201d, as\u00ed tambi\u00e9n de Jes\u00fas Espinoza Luis, alias \u201cEl Talib\u00e1n\u201d, fueron se\u00f1alados directamente de ofrecer 300 mil pesos por la ejecuci\u00f3n del l\u00edder triqui, seg\u00fan consta en las investigaciones de la FGJEO. Ambos sujetos fueron ejecutados posteriormente al asesinato de Heriberto Pazos.<\/p>\n\n\n\n<p>As\u00ed mismo, refirieron que la oferta fue aceptada por Roberto Jorge Navarro, alias \u201cEl Thin\u201d, junto con Amores Alberto Navarro Mart\u00ednez, alias \u201cEl Chango\u201d, quienes presuntamente conduc\u00edan la motocicleta que se emparejo a la camioneta y accionaron el arma que termin\u00f3 con la vida del dirigente ind\u00edgena.&nbsp;<\/p>\n\n\n\n<p>El primero de los se\u00f1alados como autores materiales fue detenido al interior de su domicilio, en el a\u00f1o 2011, por elementos de la entonces Procuradur\u00eda de Justicia a cargo de Manuel de Jes\u00fas L\u00f3pez L\u00f3pez, y trasladado al reclusorio de Santa Mar\u00eda Ixcotel, y el otro se encuentra pr\u00f3fugo de la justicia.&nbsp;<\/p>\n\n\n\n<p>M\u00c1S DETENCIONES<\/p>\n\n\n\n<p>Cuatro a\u00f1os despu\u00e9s de los hechos, y ya con Joaqu\u00edn Carrillo Ruiz como procurador, se anunci\u00f3 la detenci\u00f3n de seis individuos acusados como presunto responsables del homicidio: Juliantino Garc\u00eda Ram\u00edrez, Reynaldo Mart\u00ednez \u00c1lvarez, Jos\u00e9 Merced Campa\u00f1a Quiroz, Gerardo P\u00e9rez Camacho, Rufino Ju\u00e1rez Hern\u00e1ndez y Roberto C\u00e1rdenas Rosas, todos participantes en una reuni\u00f3n verificada el 10 de mayo del 2010, donde se acord\u00f3 el asesinato.&nbsp;<\/p>\n\n\n\n<p>Pese a lo anterior el a\u00f1o pasado, al cumplirse nueve a\u00f1os del crimen, magistrados de la Cuarta Sala del Tribunal Superior de Justicia del Estado (TSJEO), revocaron la sentencia de 40 a\u00f1os de prisi\u00f3n en contra de Roberto C\u00e1rdenas Roas y Rufino Ju\u00e1rez Hern\u00e1ndez, ordenando incluso que se giraran sus boletas de libertad.\u00a0<\/p>\n\n\n\n<figure class=\"wp-block-image size-large\"><img decoding=\"async\" width=\"474\" height=\"477\" src=\"http:\/\/www.zonaroja.com.mx\/wp-content\/uploads\/2020\/10\/Heriberto-Pazos-Ortiz-2.jpg\" alt=\"\" class=\"wp-image-19146\" srcset=\"https:\/\/zonaroja.com.mx\/wp-content\/uploads\/2020\/10\/Heriberto-Pazos-Ortiz-2.jpg 474w, https:\/\/zonaroja.com.mx\/wp-content\/uploads\/2020\/10\/Heriberto-Pazos-Ortiz-2-298x300.jpg 298w, https:\/\/zonaroja.com.mx\/wp-content\/uploads\/2020\/10\/Heriberto-Pazos-Ortiz-2-150x150.jpg 150w\" sizes=\"(max-width: 474px) 100vw, 474px\" \/><\/figure>\n\n\n\n<p>Por todo lo anterior y no obstante &nbsp;que ha pasado una d\u00e9cada, la justicia a\u00fan se mira lejana en este caso que propicio que se fractura a\u00fan m\u00e1s la relaciones en la zona triqui, ya de por si afectada por la violencia, que a la fecha no logra conseguir los acuerdos necesarios entre sus distintas expresiones para lograr la paz.<\/p>\n\n\n\n<p>Actualmente son el Movimiento de Unificaci\u00f3n y Lucha Triqui (Mult) y su escisi\u00f3n 23 de Octubre, el Movimiento de Unificaci\u00f3n y Lucha Triqui (Multi), la Uni\u00f3n de Bienestar Social de la Regi\u00f3n Triqui (Ubisort) y la reci\u00e9n creada Uni\u00f3n Democr\u00e1tica de Pueblo y Comunidades Ind\u00edgenas (Undeci), quienes se disputan la lucha social en la zona e incluso reportan enfrentamientos constantes de los que se responsabilizan mutuamente.&nbsp;&nbsp;<\/p>\n\n\n\n<p>FAMILIA PIDE JUSTICIA<\/p>\n\n\n\n<p>\u201cTodo el tiempo vamos para atr\u00e1s, \u00a1qu\u00e9 clase de gente est\u00e1 llevando las leyes de Oaxaca!, son parte de las declaraciones Magda Pazos Ortiz, hermana de Heriberto, al referirse a la Fiscal\u00eda General de Justicia del Estado y su titular, Rub\u00e9n Vasconcelos M\u00e9ndez.&nbsp;<\/p>\n\n\n\n<p>La tambi\u00e9n luchadora social lamenta que para las autoridades ya sea normal lavarse las manos, argumentar que no saben nada, burlarse de las v\u00edctimas y pedirles que no se enojen a pesar de que a simple vista se puede observar que no hay compromiso para hacer justicia en la entidad.&nbsp;&nbsp;<\/p>\n\n\n\n<p>\u201cSiento esa indignaci\u00f3n, no cansancio porque cansancio no vamos a tener nunca para estar luchando, pero es terrible tener que toparse con paredes todo el tiempo y con un sin fin de mentiras. Lo que queremos por dignidad es el esclarecimiento del asesinato, sino para que est\u00e1n sentados en ese lugar, sino hacen nada, sino avanzan nada, solo nos enga\u00f1an. Esto ya es cl\u00e1sico en Oaxaca, nada se puede aclarar\u201d, dice.&nbsp;&nbsp;&nbsp;<\/p>\n\n\n\n<p>Lamenta que pese al perfil que presume el fiscal, \u00e9ste no haya podido con el paquete y las cosas en materia de justicia sigan igual o peor en la entidad, ya que asegura que en lugar de avanzar van para atr\u00e1s en el caso de Heriberto Pazos que a\u00fan se ve lejos de obtener justicia.&nbsp;<\/p>\n\n\n\n<p>\u201cEs gente que pierde el piso, que ya no sabe a lo que lleg\u00f3, se le olvida que lo que viene a hacer es justicia, que es su obligaci\u00f3n y que s\u00f3lo eso es lo que pide el pueblo de Oaxaca\u201d, concluye en referencia al fiscal.<\/p>\n\n\n\n<p>Este 23 de octubre, cientos de personas se movilizan en la capital de Oaxaca y su zona conurbada, para exigir justicia.<\/p>\n","protected":false},"excerpt":{"rendered":"<p>Evlin Arag\u00f3n\/Zona Roja. Oaxaca de Ju\u00e1rez, Oax., 23 de octubre de 2020.- Era un s\u00e1bado&hellip;<\/p>\n","protected":false},"author":2,"featured_media":19145,"comment_status":"closed","ping_status":"open","sticky":false,"template":"","format":"standard","meta":{"_lmt_disableupdate":"","_lmt_disable":"","_jetpack_memberships_contains_paid_content":false,"footnotes":""},"categories":[109,47],"tags":[2132],"class_list":["post-19144","post","type-post","status-publish","format-standard","has-post-thumbnail","hentry","category-minuto-a-minuto","category-zona-gris","tag-heriberto-pazos-ortiz"],"jetpack_featured_media_url":"https:\/\/zonaroja.com.mx\/wp-content\/uploads\/2020\/10\/Heriberto-Pazos-Ortiz-1.jpg","jetpack_sharing_enabled":true,"_links":{"self":[{"href":"https:\/\/zonaroja.com.mx\/index.php?rest_route=\/wp\/v2\/posts\/19144","targetHints":{"allow":["GET"]}}],"collection":[{"href":"https:\/\/zonaroja.com.mx\/index.php?rest_route=\/wp\/v2\/posts"}],"about":[{"href":"https:\/\/zonaroja.com.mx\/index.php?rest_route=\/wp\/v2\/types\/post"}],"author":[{"embeddable":true,"href":"https:\/\/zonaroja.com.mx\/index.php?rest_route=\/wp\/v2\/users\/2"}],"replies":[{"embeddable":true,"href":"https:\/\/zonaroja.com.mx\/index.php?rest_route=%2Fwp%2Fv2%2Fcomments&post=19144"}],"version-history":[{"count":1,"href":"https:\/\/zonaroja.com.mx\/index.php?rest_route=\/wp\/v2\/posts\/19144\/revisions"}],"predecessor-version":[{"id":19147,"href":"https:\/\/zonaroja.com.mx\/index.php?rest_route=\/wp\/v2\/posts\/19144\/revisions\/19147"}],"wp:featuredmedia":[{"embeddable":true,"href":"https:\/\/zonaroja.com.mx\/index.php?rest_route=\/wp\/v2\/media\/19145"}],"wp:attachment":[{"href":"https:\/\/zonaroja.com.mx\/index.php?rest_route=%2Fwp%2Fv2%2Fmedia&parent=19144"}],"wp:term":[{"taxonomy":"category","embeddable":true,"href":"https:\/\/zonaroja.com.mx\/index.php?rest_route=%2Fwp%2Fv2%2Fcategories&post=19144"},{"taxonomy":"post_tag","embeddable":true,"href":"https:\/\/zonaroja.com.mx\/index.php?rest_route=%2Fwp%2Fv2%2Ftags&post=19144"}],"curies":[{"name":"wp","href":"https:\/\/api.w.org\/{rel}","templated":true}]}}