{"id":19148,"date":"2020-10-23T08:20:04","date_gmt":"2020-10-23T13:20:04","guid":{"rendered":"http:\/\/www.zonaroja.com.mx\/?p=19148"},"modified":"2020-10-23T08:20:07","modified_gmt":"2020-10-23T13:20:07","slug":"desde-congreso-exigen-a-fiscal-resultados-en-caso-heriberto-pazos","status":"publish","type":"post","link":"https:\/\/zonaroja.com.mx\/?p=19148","title":{"rendered":"Desde Congreso, exigen a fiscal resultados en caso Heriberto Pazos"},"content":{"rendered":"\n<p>Redacci\u00f3n\/Zona Roja.<\/p>\n\n\n\n<p>Oaxaca de Ju\u00e1rez, Oax., 23 de octubre de 2020.- El presidente de la Junta de Coordinaci\u00f3n Pol\u00edtica del Congreso de Oaxaca, Horacio Sosa Villavicencio, exigi\u00f3 justicia plena por el asesinato de Heriberto Pazos Ortiz, fundador y l\u00edder del Movimiento de Unificaci\u00f3n y Lucha Triqui (MULT).<\/p>\n\n\n\n<p>\u201cSeguimos exigiendo justicia desde el Congreso del Estado. En los \u00faltimos meses, los \u00faltimos d\u00edas, vemos que en Oaxaca no pasa nada, que la justicia no se ejerce, que las comunidades, las organizaciones y los ciudadanos seguimos exigiendo justicia.<\/p>\n\n\n\n<p>\u201cPedirle al se\u00f1or fiscal (Rub\u00e9n Vasconcelos M\u00e9ndez) que d\u00e9 resultado en las investigaciones, sabemos que hay procesos abiertos, que hubo gente en la c\u00e1rcel, pero hasta el momento no ha habido justicia\u201d, expres\u00f3.<\/p>\n\n\n\n<p>El tambi\u00e9n representante de la fracci\u00f3n parlamentaria del Partido Morena en la 64 Legislatura, lament\u00f3 que en \u00e9ste como en muchos otros casos de asesinatos de l\u00edderes sociales, prevalezca la impunidad.<\/p>\n","protected":false},"excerpt":{"rendered":"<p>Redacci\u00f3n\/Zona Roja. Oaxaca de Ju\u00e1rez, Oax., 23 de octubre de 2020.- El presidente de la&hellip;<\/p>\n","protected":false},"author":2,"featured_media":19149,"comment_status":"closed","ping_status":"open","sticky":false,"template":"","format":"standard","meta":{"_lmt_disableupdate":"","_lmt_disable":"","_jetpack_memberships_contains_paid_content":false,"footnotes":""},"categories":[109,47],"tags":[2132],"class_list":["post-19148","post","type-post","status-publish","format-standard","has-post-thumbnail","hentry","category-minuto-a-minuto","category-zona-gris","tag-heriberto-pazos-ortiz"],"jetpack_featured_media_url":"https:\/\/zonaroja.com.mx\/wp-content\/uploads\/2020\/10\/Heriberto-Pazos.jpg","jetpack_sharing_enabled":true,"_links":{"self":[{"href":"https:\/\/zonaroja.com.mx\/index.php?rest_route=\/wp\/v2\/posts\/19148","targetHints":{"allow":["GET"]}}],"collection":[{"href":"https:\/\/zonaroja.com.mx\/index.php?rest_route=\/wp\/v2\/posts"}],"about":[{"href":"https:\/\/zonaroja.com.mx\/index.php?rest_route=\/wp\/v2\/types\/post"}],"author":[{"embeddable":true,"href":"https:\/\/zonaroja.com.mx\/index.php?rest_route=\/wp\/v2\/users\/2"}],"replies":[{"embeddable":true,"href":"https:\/\/zonaroja.com.mx\/index.php?rest_route=%2Fwp%2Fv2%2Fcomments&post=19148"}],"version-history":[{"count":1,"href":"https:\/\/zonaroja.com.mx\/index.php?rest_route=\/wp\/v2\/posts\/19148\/revisions"}],"predecessor-version":[{"id":19150,"href":"https:\/\/zonaroja.com.mx\/index.php?rest_route=\/wp\/v2\/posts\/19148\/revisions\/19150"}],"wp:featuredmedia":[{"embeddable":true,"href":"https:\/\/zonaroja.com.mx\/index.php?rest_route=\/wp\/v2\/media\/19149"}],"wp:attachment":[{"href":"https:\/\/zonaroja.com.mx\/index.php?rest_route=%2Fwp%2Fv2%2Fmedia&parent=19148"}],"wp:term":[{"taxonomy":"category","embeddable":true,"href":"https:\/\/zonaroja.com.mx\/index.php?rest_route=%2Fwp%2Fv2%2Fcategories&post=19148"},{"taxonomy":"post_tag","embeddable":true,"href":"https:\/\/zonaroja.com.mx\/index.php?rest_route=%2Fwp%2Fv2%2Ftags&post=19148"}],"curies":[{"name":"wp","href":"https:\/\/api.w.org\/{rel}","templated":true}]}}