{"id":19152,"date":"2020-10-23T15:06:23","date_gmt":"2020-10-23T20:06:23","guid":{"rendered":"http:\/\/www.zonaroja.com.mx\/?p=19152"},"modified":"2020-10-23T15:06:26","modified_gmt":"2020-10-23T20:06:26","slug":"nueve-anos-de-injusticia-reclama-madre-de-acusado-del-asesinato-de-heriberto-pazos","status":"publish","type":"post","link":"https:\/\/zonaroja.com.mx\/?p=19152","title":{"rendered":"Nueve a\u00f1os de injusticia, reclama madre de acusado del asesinato de Heriberto Pazos"},"content":{"rendered":"\n<p>Evlin Arag\u00f3n\/Zona Roja.<\/p>\n\n\n\n<p>Oaxaca de Ju\u00e1rez, Oax., 23 de octubre de 2020.- Hace nueve a\u00f1os, Roberto Mart\u00edn Navarro Mart\u00ednez fue detenido por elementos de la Agencia Estatal de Investigaciones (AEI) y puesto en manos de las autoridades correspondientes, se\u00f1alado de ser uno de los autores materiales del homicidio de Heriberto Pazos Ortiz, l\u00edder de Movimiento de Unificaci\u00f3n de Lucha Triqui (MULT).<\/p>\n\n\n\n<p>Lo anterior, siendo inocente de los hechos y v\u00edctima de tortura por parte de elementos de la AEI para conseguir una confesi\u00f3n que lo inculpara, la cual no consiguieron, seg\u00fan denunci\u00f3 la madre del acusado, Emilia Mart\u00ednez L\u00f3pez, que esta ma\u00f1ana en conferencia de prensa pidi\u00f3 a las autoridades hacer justicia.<\/p>\n\n\n\n<p>La mujer acus\u00f3 que al menos mil 200 hojas del expediente original fueron desaparecidas, mismas que, convenientemente, dan sustento a la acusaci\u00f3n contra Roberto Mart\u00edn, pero a que a la fecha no se pueden argumentar debido a que no existen, lo cual ha vulnerado el derecho humano del debido proceso.<\/p>\n\n\n\n<p>Por ello, denunci\u00f3 a las autoridades de procuraci\u00f3n de justicia de orquestar toda una estrategia para inculpar a una persona inocente, justificando su ineptitud para dar con los verdaderos responsables del asesinato del l\u00edder social, registrado hace exactamente 10 a\u00f1os.&nbsp;<\/p>\n\n\n\n<p>\u201cExijo a la Fiscal\u00eda del Estado y el Tribunal Superior de Justicia exhiban las mil 200 hoja sustra\u00eddas del expediente penal de mi hijo, que se respeten sus derechos humanos y que investiguen a los verdaderos responsables de dicho homicidio y servidores p\u00fablicos que de manera organizada orquestaron y procesaron a una persona inocente justificando su ineptitud y complicidad\u201d, dijo.&nbsp;<\/p>\n\n\n\n<p>Se\u00f1al\u00f3 que es criminal que a su hijo lo tengan en la c\u00e1rcel a sabiendas que es inocente, raz\u00f3n por lo que pidi\u00f3 la libertad inmediata al asegurar que tampoco existe sentencia, tras nueve a\u00f1os de estar tras las rejas por un crimen que no cometi\u00f3.\u00a0\u00a0<\/p>\n\n\n\n<figure class=\"wp-block-embed-twitter wp-block-embed is-type-rich is-provider-twitter\"><div class=\"wp-block-embed__wrapper\">\n<div class=\"twitter-tweet\"><blockquote class=\"twitter-tweet\" data-lang=\"es\"><p lang=\"es\" dir=\"ltr\"><a href=\"https:\/\/twitter.com\/hashtag\/ENVIVO?src=hash&amp;ref_src=twsrc%5Etfw\">#ENVIVO<\/a><br>Oaxaca de Ju\u00e1rez, Oax., 23 de octubre de 2020. Conferencia de prensa de familiares de una persona detenida por el caso Heriberto Pazos.<br><br>Aqu\u00ed la transmisi\u00f3n:<a href=\"https:\/\/t.co\/3OkWmD0Pyh\">https:\/\/t.co\/3OkWmD0Pyh<\/a> <a href=\"https:\/\/t.co\/4ey1K3HvWV\">pic.twitter.com\/4ey1K3HvWV<\/a><\/p>&mdash; Zona Roja Oaxaca (@MexRoja) <a href=\"https:\/\/twitter.com\/MexRoja\/status\/1319649980236300288?ref_src=twsrc%5Etfw\">23 de octubre de 2020<\/a><\/blockquote><\/div>\n<\/div><\/figure>\n\n\n\n<p>Reiter\u00f3 que las pruebas fueron fabricadas por las autoridades de la Fiscal\u00eda, en ese entonces representada por Manuel de Jes\u00fas L\u00f3pez L\u00f3pez, hoy magistrado, debido a la presi\u00f3n social por presentar a un responsable, encontrando en su hijo la v\u00edctima perfecta.<\/p>\n\n\n\n<p>Mientras que el abogado V\u00edctor Hugo Carriedo, a cargo de la defensa de Roberto Mart\u00edn, asegur\u00f3 que las hojas del expediente que fueron desaparecidas son importantes para demostrar su inocencia, ya que intentaron presentar pruebas periciales para deslindarlo de responsabilidades, sin embargo, la ausencia de pruebas que lo incriminan y dan sustento a su detenci\u00f3n lo han impedido.<\/p>\n\n\n\n<p>Por lo que han solicitado la certificaci\u00f3n de la inexistencia de esas hojas, mismas que ya se realiz\u00f3, a la par que presentaron una queja por tortura ante la Comisi\u00f3n Nacional de Derechos Humanos (CNDH), las Naciones Unidas, y la Defensor\u00eda de los Derechos Humanos del Pueblo de Oaxaca, toda vez que el se\u00f1alado lleva nueve a\u00f1os privado de su libertad, sin sentencia y con un expediente que \u201ccasualmente\u201d ya no contiene las pruebas que lo se\u00f1alan.&nbsp;&nbsp; \u201cHoy que se cumplen 10 a\u00f1os de la muerte del se\u00f1or Heriberto Pazos se tiene que hacer justicia tanto a \u00e9l como a Roberto Mart\u00edn, y tiene que ser as\u00ed porque el estado es garante de los derechos humanos y tiene la obligaci\u00f3n de respetarlos\u201d, se\u00f1al\u00f3.<\/p>\n","protected":false},"excerpt":{"rendered":"<p>Evlin Arag\u00f3n\/Zona Roja. Oaxaca de Ju\u00e1rez, Oax., 23 de octubre de 2020.- Hace nueve a\u00f1os,&hellip;<\/p>\n","protected":false},"author":2,"featured_media":19153,"comment_status":"closed","ping_status":"open","sticky":false,"template":"","format":"standard","meta":{"_lmt_disableupdate":"","_lmt_disable":"","_jetpack_memberships_contains_paid_content":false,"footnotes":""},"categories":[109,47],"tags":[2132],"class_list":["post-19152","post","type-post","status-publish","format-standard","has-post-thumbnail","hentry","category-minuto-a-minuto","category-zona-gris","tag-heriberto-pazos-ortiz"],"jetpack_featured_media_url":"https:\/\/zonaroja.com.mx\/wp-content\/uploads\/2020\/10\/Emilia-Martinez-caso-Heriberto-Pazos.jpg","jetpack_sharing_enabled":true,"_links":{"self":[{"href":"https:\/\/zonaroja.com.mx\/index.php?rest_route=\/wp\/v2\/posts\/19152","targetHints":{"allow":["GET"]}}],"collection":[{"href":"https:\/\/zonaroja.com.mx\/index.php?rest_route=\/wp\/v2\/posts"}],"about":[{"href":"https:\/\/zonaroja.com.mx\/index.php?rest_route=\/wp\/v2\/types\/post"}],"author":[{"embeddable":true,"href":"https:\/\/zonaroja.com.mx\/index.php?rest_route=\/wp\/v2\/users\/2"}],"replies":[{"embeddable":true,"href":"https:\/\/zonaroja.com.mx\/index.php?rest_route=%2Fwp%2Fv2%2Fcomments&post=19152"}],"version-history":[{"count":1,"href":"https:\/\/zonaroja.com.mx\/index.php?rest_route=\/wp\/v2\/posts\/19152\/revisions"}],"predecessor-version":[{"id":19154,"href":"https:\/\/zonaroja.com.mx\/index.php?rest_route=\/wp\/v2\/posts\/19152\/revisions\/19154"}],"wp:featuredmedia":[{"embeddable":true,"href":"https:\/\/zonaroja.com.mx\/index.php?rest_route=\/wp\/v2\/media\/19153"}],"wp:attachment":[{"href":"https:\/\/zonaroja.com.mx\/index.php?rest_route=%2Fwp%2Fv2%2Fmedia&parent=19152"}],"wp:term":[{"taxonomy":"category","embeddable":true,"href":"https:\/\/zonaroja.com.mx\/index.php?rest_route=%2Fwp%2Fv2%2Fcategories&post=19152"},{"taxonomy":"post_tag","embeddable":true,"href":"https:\/\/zonaroja.com.mx\/index.php?rest_route=%2Fwp%2Fv2%2Ftags&post=19152"}],"curies":[{"name":"wp","href":"https:\/\/api.w.org\/{rel}","templated":true}]}}